{"id":44952,"date":"2025-07-22T14:25:42","date_gmt":"2025-07-22T19:25:42","guid":{"rendered":"https:\/\/contraluzcucuta.co\/?p=44952"},"modified":"2025-07-22T14:25:42","modified_gmt":"2025-07-22T19:25:42","slug":"etcr-cano-indio-arn-lidero-mesa-de-dialogo-con-la-comunidad-para-el-traslado","status":"publish","type":"post","link":"https:\/\/contraluzcucuta.co\/?p=44952","title":{"rendered":"ETCR CA\u00d1O INDIO. ARN lider\u00f3 Mesa de Di\u00e1logo con la comunidad para el traslado"},"content":{"rendered":"<p style=\"text-align: right;\"><strong>C\u00daCUTA. <\/strong><\/p>\n<p><strong><span style=\"color: #ff9900;\">La Agencia para la Reincorporaci\u00f3n y Normalizaci\u00f3n (ARN) lider\u00f3 junto a la Agencia Nacional de Tierras (ANT) y la Agencia de Desarrollo Rural (ADR) la Mesa de Di\u00e1logo para socializar el traslado del ETCR Ca\u00f1o Indio \u201cEl Negro Eliecer Gait\u00e1n\u201d desde Tib\u00fa a C\u00facuta.<\/span><\/strong><\/p>\n<p><a href=\"https:\/\/contraluzcucuta.co\/wp-content\/uploads\/2025\/07\/ARN-CANO-INDIO-11.jpeg.jpg\"><img loading=\"lazy\" decoding=\"async\" class=\"alignnone  wp-image-44954 alignright\" src=\"https:\/\/contraluzcucuta.co\/wp-content\/uploads\/2025\/07\/ARN-CANO-INDIO-11.jpeg-300x225.jpg\" alt=\"\" width=\"244\" height=\"183\" srcset=\"https:\/\/contraluzcucuta.co\/wp-content\/uploads\/2025\/07\/ARN-CANO-INDIO-11.jpeg-300x225.jpg 300w, https:\/\/contraluzcucuta.co\/wp-content\/uploads\/2025\/07\/ARN-CANO-INDIO-11.jpeg-600x450.jpg 600w, https:\/\/contraluzcucuta.co\/wp-content\/uploads\/2025\/07\/ARN-CANO-INDIO-11.jpeg-1024x768.jpg 1024w, https:\/\/contraluzcucuta.co\/wp-content\/uploads\/2025\/07\/ARN-CANO-INDIO-11.jpeg-768x576.jpg 768w, https:\/\/contraluzcucuta.co\/wp-content\/uploads\/2025\/07\/ARN-CANO-INDIO-11.jpeg-1536x1152.jpg 1536w, https:\/\/contraluzcucuta.co\/wp-content\/uploads\/2025\/07\/ARN-CANO-INDIO-11.jpeg.jpg 1600w\" sizes=\"auto, (max-width: 244px) 100vw, 244px\" \/><\/a><\/p>\n<p>En este espacio desarrollado en la zona rural de C\u00facuta participaron presidentes de junta de acci\u00f3n comunal, ediles, representantes de la Iglesia Cat\u00f3lica, organismos internacionales, delegada de la Procuradur\u00eda Regional, delegada de la oficina del Consejero Comisionado para La Paz, comunidad y firmantes del Acuerdo de Paz. El objetivo era aclarar dudas y entregar informaci\u00f3n sobre los procesos adelantados por el Gobierno y la poblaci\u00f3n firmante en el proceso de consolidaci\u00f3n del ETCR.<\/p>\n<p>Lorena Corvera Villamizar, coordinadora de la Agencia para la Reincorporaci\u00f3n y Normalizaci\u00f3n (ARN), dijo que la ARN lider\u00f3 y particip\u00f3 en el di\u00e1logo con los presidentes de las Asojuntas sobre el traslado del ETCR. El fin era:<\/p>\n<ul>\n<li>Escuchar y socializar c\u00f3mo avanza el proceso para el traslado<\/li>\n<li>Proceso de adjudicaci\u00f3n de la tierra<\/li>\n<li>Escuchar las necesidades para construir territorio y comunidad.<\/li>\n<\/ul>\n<p><a href=\"https:\/\/contraluzcucuta.co\/wp-content\/uploads\/2025\/07\/ARN-CANO-INDIO-9.jpeg\"><img loading=\"lazy\" decoding=\"async\" class=\"size-medium wp-image-44956 aligncenter\" src=\"https:\/\/contraluzcucuta.co\/wp-content\/uploads\/2025\/07\/ARN-CANO-INDIO-9-300x129.jpeg\" alt=\"\" width=\"300\" height=\"129\" srcset=\"https:\/\/contraluzcucuta.co\/wp-content\/uploads\/2025\/07\/ARN-CANO-INDIO-9-300x129.jpeg 300w, https:\/\/contraluzcucuta.co\/wp-content\/uploads\/2025\/07\/ARN-CANO-INDIO-9-600x259.jpeg 600w, https:\/\/contraluzcucuta.co\/wp-content\/uploads\/2025\/07\/ARN-CANO-INDIO-9-1024x442.jpeg 1024w, https:\/\/contraluzcucuta.co\/wp-content\/uploads\/2025\/07\/ARN-CANO-INDIO-9-768x331.jpeg 768w, https:\/\/contraluzcucuta.co\/wp-content\/uploads\/2025\/07\/ARN-CANO-INDIO-9.jpeg 1173w\" sizes=\"auto, (max-width: 300px) 100vw, 300px\" \/><\/a><\/p>\n<p>\u201cLas comunidades ten\u00edan preguntas leg\u00edtimas por la llegada de los firmantes del Acuerdo de Paz, porque esto genera din\u00e1micas frente a c\u00f3mo se vive el proceso\u201d, afirm\u00f3 Corvera Villamizar. Los voceros expresaron la intenci\u00f3n de apostarle a la paz y pidieron sumarse a la mesa t\u00e9cnica para el di\u00e1logo y la concertaci\u00f3n en la zona rural de C\u00facuta.<\/p>\n<p>En el acercamiento entre firmantes del Acuerdo de Paz y la comunidad fue clave la participaci\u00f3n y el acompa\u00f1amiento de la Iglesia Cat\u00f3lica, la Misi\u00f3n de verificaci\u00f3n de la ONU y la MAPP OEA. Estos organismos ser\u00e1n garantes del proceso.<\/p>\n<p>La ARN trabaja en la consolidaci\u00f3n de los Espacios Territoriales de Capacitaci\u00f3n y Reincorporaci\u00f3n (ETCR), creados para facilitar la transici\u00f3n de excombatientes de las FARC-EP a la vida civil.<\/p>\n","protected":false},"excerpt":{"rendered":"<p>C\u00daCUTA. La Agencia para la Reincorporaci\u00f3n y Normalizaci\u00f3n (ARN) lider\u00f3 junto a la Agencia Nacional de Tierras (ANT) y la Agencia de Desarrollo Rural (ADR) la Mesa de Di\u00e1logo para socializar el traslado del ETCR Ca\u00f1o Indio \u201cEl Negro Eliecer Gait\u00e1n\u201d desde Tib\u00fa a C\u00facuta. En este espacio desarrollado en la zona rural de C\u00facuta &hellip;<\/p>\n","protected":false},"author":1,"featured_media":44953,"comment_status":"open","ping_status":"open","sticky":false,"template":"","format":"standard","meta":{"footnotes":""},"categories":[4,5],"tags":[5452,6798,4989,6921,279],"class_list":["post-44952","post","type-post","status-publish","format-standard","has-post-thumbnail","hentry","category-barra","category-justicia-transicional","tag-agencia-de-desarrollo-rural","tag-agencia-nacional-de-tierras","tag-agencia-para-la-reincorporacion-y-normalizacion","tag-etcr-cano-indio","tag-tibu"],"_links":{"self":[{"href":"https:\/\/contraluzcucuta.co\/index.php?rest_route=\/wp\/v2\/posts\/44952","targetHints":{"allow":["GET"]}}],"collection":[{"href":"https:\/\/contraluzcucuta.co\/index.php?rest_route=\/wp\/v2\/posts"}],"about":[{"href":"https:\/\/contraluzcucuta.co\/index.php?rest_route=\/wp\/v2\/types\/post"}],"author":[{"embeddable":true,"href":"https:\/\/contraluzcucuta.co\/index.php?rest_route=\/wp\/v2\/users\/1"}],"replies":[{"embeddable":true,"href":"https:\/\/contraluzcucuta.co\/index.php?rest_route=%2Fwp%2Fv2%2Fcomments&post=44952"}],"version-history":[{"count":1,"href":"https:\/\/contraluzcucuta.co\/index.php?rest_route=\/wp\/v2\/posts\/44952\/revisions"}],"predecessor-version":[{"id":44957,"href":"https:\/\/contraluzcucuta.co\/index.php?rest_route=\/wp\/v2\/posts\/44952\/revisions\/44957"}],"wp:featuredmedia":[{"embeddable":true,"href":"https:\/\/contraluzcucuta.co\/index.php?rest_route=\/wp\/v2\/media\/44953"}],"wp:attachment":[{"href":"https:\/\/contraluzcucuta.co\/index.php?rest_route=%2Fwp%2Fv2%2Fmedia&parent=44952"}],"wp:term":[{"taxonomy":"category","embeddable":true,"href":"https:\/\/contraluzcucuta.co\/index.php?rest_route=%2Fwp%2Fv2%2Fcategories&post=44952"},{"taxonomy":"post_tag","embeddable":true,"href":"https:\/\/contraluzcucuta.co\/index.php?rest_route=%2Fwp%2Fv2%2Ftags&post=44952"}],"curies":[{"name":"wp","href":"https:\/\/api.w.org\/{rel}","templated":true}]}}