{"id":44943,"date":"2025-07-21T19:28:40","date_gmt":"2025-07-22T00:28:40","guid":{"rendered":"https:\/\/contraluzcucuta.co\/?p=44943"},"modified":"2025-07-21T19:28:40","modified_gmt":"2025-07-22T00:28:40","slug":"crece-seguro-ruta-de-apoyo-sicosocial-para-transformar-entornos-escolares","status":"publish","type":"post","link":"https:\/\/contraluzcucuta.co\/?p=44943","title":{"rendered":"CRECE SEGURO. Ruta de apoyo sicosocial para transformar entornos escolares"},"content":{"rendered":"<p style=\"text-align: right;\"><strong>C\u00daCUTA.<\/strong><\/p>\n<p><strong><span style=\"color: #ff9900;\">La Secretar\u00eda de Educaci\u00f3n Municipal, por medio de la Subsecretar\u00eda de Gesti\u00f3n Pedag\u00f3gica, anunci\u00f3 el inicio de la estrategia \u2018Crece Seguro\u2019. Esta apuesta institucional consolidar\u00e1 entornos escolares protectores, incluyentes y emocionalmente seguros para ni\u00f1os y adolescentes de las instituciones educativas oficiales de C\u00facuta.<\/span><\/strong><\/p>\n<p><a href=\"https:\/\/contraluzcucuta.co\/wp-content\/uploads\/2025\/07\/ALCALDIA-CRECE-SEGURO-2.jpg\"><img loading=\"lazy\" decoding=\"async\" class=\"alignnone  wp-image-44945 alignleft\" src=\"https:\/\/contraluzcucuta.co\/wp-content\/uploads\/2025\/07\/ALCALDIA-CRECE-SEGURO-2-300x225.jpg\" alt=\"\" width=\"244\" height=\"183\" srcset=\"https:\/\/contraluzcucuta.co\/wp-content\/uploads\/2025\/07\/ALCALDIA-CRECE-SEGURO-2-300x225.jpg 300w, https:\/\/contraluzcucuta.co\/wp-content\/uploads\/2025\/07\/ALCALDIA-CRECE-SEGURO-2-600x450.jpg 600w, https:\/\/contraluzcucuta.co\/wp-content\/uploads\/2025\/07\/ALCALDIA-CRECE-SEGURO-2-1024x768.jpg 1024w, https:\/\/contraluzcucuta.co\/wp-content\/uploads\/2025\/07\/ALCALDIA-CRECE-SEGURO-2-768x576.jpg 768w, https:\/\/contraluzcucuta.co\/wp-content\/uploads\/2025\/07\/ALCALDIA-CRECE-SEGURO-2.jpg 1280w\" sizes=\"auto, (max-width: 244px) 100vw, 244px\" \/><\/a><\/p>\n<p>La iniciativa contempla visitas de acompa\u00f1amiento presencial por parte del equipo interdisciplinario de atenci\u00f3n psicosocial. Estas intervenciones se dise\u00f1aron seg\u00fan diagn\u00f3sticos previos y se centrar\u00e1n en tres ejes estrat\u00e9gicos:<\/p>\n<ul>\n<li>Educaci\u00f3n inicial<\/li>\n<li>Convivencia escolar<\/li>\n<li>Fortalecimiento del rol de los orientadores.<\/li>\n<\/ul>\n<p>\u201cLa estrategia \u2018Crece Seguro\u2019 nos permitir\u00e1 mejorar la calidad educativa desde un enfoque integral, fortalecer\u00e1 las competencias de la comunidad educativa y permitir\u00e1 que nuestros estudiantes crezcan seguros\u201d, dijo la subsecretaria de Gesti\u00f3n Pedag\u00f3gica, Mar\u00eda Fernanda Ayala. Destac\u00f3 que crecer seguros es crecer con amor, apoyo y comunidad.<\/p>\n<p>El compromiso institucional es garantizar la formaci\u00f3n pertinente y con sentido humano en todos los niveles educativos. Las instituciones contar\u00e1n con acompa\u00f1amiento para coordinar las visitas, lideradas por profesionales especializados que aportar\u00e1n al desarrollo emocional y pedag\u00f3gico de los estudiantes.<\/p>\n","protected":false},"excerpt":{"rendered":"<p>C\u00daCUTA. La Secretar\u00eda de Educaci\u00f3n Municipal, por medio de la Subsecretar\u00eda de Gesti\u00f3n Pedag\u00f3gica, anunci\u00f3 el inicio de la estrategia \u2018Crece Seguro\u2019. Esta apuesta institucional consolidar\u00e1 entornos escolares protectores, incluyentes y emocionalmente seguros para ni\u00f1os y adolescentes de las instituciones educativas oficiales de C\u00facuta. La iniciativa contempla visitas de acompa\u00f1amiento presencial por parte del equipo &hellip;<\/p>\n","protected":false},"author":1,"featured_media":44944,"comment_status":"open","ping_status":"open","sticky":false,"template":"","format":"standard","meta":{"footnotes":""},"categories":[2625,4],"tags":[7065,3202],"class_list":["post-44943","post","type-post","status-publish","format-standard","has-post-thumbnail","hentry","category-alcaldia-de-cucuta","category-barra","tag-crece-seguro","tag-secretaria-de-educacion-municipal"],"_links":{"self":[{"href":"https:\/\/contraluzcucuta.co\/index.php?rest_route=\/wp\/v2\/posts\/44943","targetHints":{"allow":["GET"]}}],"collection":[{"href":"https:\/\/contraluzcucuta.co\/index.php?rest_route=\/wp\/v2\/posts"}],"about":[{"href":"https:\/\/contraluzcucuta.co\/index.php?rest_route=\/wp\/v2\/types\/post"}],"author":[{"embeddable":true,"href":"https:\/\/contraluzcucuta.co\/index.php?rest_route=\/wp\/v2\/users\/1"}],"replies":[{"embeddable":true,"href":"https:\/\/contraluzcucuta.co\/index.php?rest_route=%2Fwp%2Fv2%2Fcomments&post=44943"}],"version-history":[{"count":1,"href":"https:\/\/contraluzcucuta.co\/index.php?rest_route=\/wp\/v2\/posts\/44943\/revisions"}],"predecessor-version":[{"id":44946,"href":"https:\/\/contraluzcucuta.co\/index.php?rest_route=\/wp\/v2\/posts\/44943\/revisions\/44946"}],"wp:featuredmedia":[{"embeddable":true,"href":"https:\/\/contraluzcucuta.co\/index.php?rest_route=\/wp\/v2\/media\/44944"}],"wp:attachment":[{"href":"https:\/\/contraluzcucuta.co\/index.php?rest_route=%2Fwp%2Fv2%2Fmedia&parent=44943"}],"wp:term":[{"taxonomy":"category","embeddable":true,"href":"https:\/\/contraluzcucuta.co\/index.php?rest_route=%2Fwp%2Fv2%2Fcategories&post=44943"},{"taxonomy":"post_tag","embeddable":true,"href":"https:\/\/contraluzcucuta.co\/index.php?rest_route=%2Fwp%2Fv2%2Ftags&post=44943"}],"curies":[{"name":"wp","href":"https:\/\/api.w.org\/{rel}","templated":true}]}}