{"id":44939,"date":"2025-07-21T19:05:15","date_gmt":"2025-07-22T00:05:15","guid":{"rendered":"https:\/\/contraluzcucuta.co\/?p=44939"},"modified":"2025-07-21T19:05:15","modified_gmt":"2025-07-22T00:05:15","slug":"ferias-de-cucuta-18-comparsas-cucutenas-daran-vida-a-las-fiestas","status":"publish","type":"post","link":"https:\/\/contraluzcucuta.co\/?p=44939","title":{"rendered":"FERIAS DE C\u00daCUTA. 18 comparsas cucute\u00f1as dar\u00e1n vida a las fiestas"},"content":{"rendered":"<p style=\"text-align: right;\"><strong>C\u00daCUTA.<\/strong><\/p>\n<p><strong><span style=\"color: #ff9900;\">Las calles de C\u00facuta se llenar\u00e1n de ritmo, color, memoria y diversidad con las 18 comparsas seleccionadas en la primera fase del Programa Municipal de Est\u00edmulos 2025, para personas jur\u00eddicas. Las agrupaciones fueron elegidas luego de la convocatoria p\u00fablica liderada por la Secretar\u00eda de Cultura y Patrimonio.<\/span><\/strong><\/p>\n<p style=\"text-align: center;\"><a href=\"https:\/\/contraluzcucuta.co\/wp-content\/uploads\/2025\/07\/ALCALDIA-COMPARSAS-2.jpg\"><img loading=\"lazy\" decoding=\"async\" class=\"alignnone  wp-image-44941\" src=\"https:\/\/contraluzcucuta.co\/wp-content\/uploads\/2025\/07\/ALCALDIA-COMPARSAS-2-225x300.jpg\" alt=\"\" width=\"204\" height=\"272\" srcset=\"https:\/\/contraluzcucuta.co\/wp-content\/uploads\/2025\/07\/ALCALDIA-COMPARSAS-2-225x300.jpg 225w, https:\/\/contraluzcucuta.co\/wp-content\/uploads\/2025\/07\/ALCALDIA-COMPARSAS-2-600x800.jpg 600w, https:\/\/contraluzcucuta.co\/wp-content\/uploads\/2025\/07\/ALCALDIA-COMPARSAS-2-768x1024.jpg 768w, https:\/\/contraluzcucuta.co\/wp-content\/uploads\/2025\/07\/ALCALDIA-COMPARSAS-2.jpg 960w\" sizes=\"auto, (max-width: 204px) 100vw, 204px\" \/><\/a><\/p>\n<p>Ocho proyectos resultaron ganadores despu\u00e9s de la evaluaci\u00f3n de los jurados, a los que se sumaron 10, seleccionados por la Secretar\u00eda. Solicitudes ciudadanas manifestaron inter\u00e9s en participar con muestras art\u00edsticas de identidad cultural durante las Ferias de C\u00facuta 2025.<\/p>\n<p>El prop\u00f3sito es fortalecer los procesos de creaci\u00f3n, investigaci\u00f3n, comunicaci\u00f3n, circulaci\u00f3n y formaci\u00f3n de las expresiones multiculturales del municipio, mediante la redistribuci\u00f3n del recurso. Se busca visibilizar tradiciones, costumbres y arraigos culturales en el desfile de comparsas, para promover la circulaci\u00f3n de la obra local, el posicionamiento de la identidad cultural y el fortalecimiento del ecosistema art\u00edstico.<\/p>\n<p>Las acciones incentivan a que artistas, creadores y gestores encuentren en las festividades el espacio para proyectar el trabajo, disfrutarlo y brindar la plataforma para nuevos talentos.<\/p>\n<p>La Secretar\u00eda busca que voces y expresiones tengan espacio en las Ferias de C\u00facuta. Sectores hist\u00f3ricamente excluidos hacen parte de la celebraci\u00f3n que reconoce la diversidad como riqueza de ciudad.<\/p>\n<p>Las propuestas seleccionadas:<\/p>\n<ul>\n<li>Integran procesos comunitarios, educativos, sociales, patrimoniales e identitarios<\/li>\n<li>Reflejan la riqueza cultural de los sectores urbanos, rurales y \u00e9tnicos de la ciudad.<\/li>\n<li>Participan organizaciones de cuidadores, instituciones educativas, colectivos de personas en condici\u00f3n de discapacidad, poblaci\u00f3n LGBTIQ+, comunidades ind\u00edgenas, fundaciones con enfoque en habitantes de calle y gestores culturales con trayectoria.<\/li>\n<\/ul>\n<p>\u201cLo que se vivir\u00e1 en las Ferias de C\u00facuta ser\u00e1 una celebraci\u00f3n colectiva de nuestras ra\u00edces\u201d, dijo Nadim Bayona, secretario de Cultura y Patrimonio. El programa apoya financieramente a las organizaciones culturales y reafirma el compromiso con la cultura que reconozca la diferencia, visibilice los territorios y promueva la participaci\u00f3n de los sectores sociales.<\/p>\n<p>Las comparsas participar\u00e1n en el desfile de carrozas y presentar\u00e1n obras vivas que conectan la historia de C\u00facuta con el presente. Desde la memoria de la aviaci\u00f3n, hasta la inclusi\u00f3n de ni\u00f1os y j\u00f3venes con movilidad reducida; desde la historia del r\u00edo Pamplonita, hasta la riqueza natural de la flora y la fauna cucute\u00f1as.<\/p>\n","protected":false},"excerpt":{"rendered":"<p>C\u00daCUTA. Las calles de C\u00facuta se llenar\u00e1n de ritmo, color, memoria y diversidad con las 18 comparsas seleccionadas en la primera fase del Programa Municipal de Est\u00edmulos 2025, para personas jur\u00eddicas. Las agrupaciones fueron elegidas luego de la convocatoria p\u00fablica liderada por la Secretar\u00eda de Cultura y Patrimonio. Ocho proyectos resultaron ganadores despu\u00e9s de la &hellip;<\/p>\n","protected":false},"author":1,"featured_media":44940,"comment_status":"open","ping_status":"open","sticky":false,"template":"","format":"standard","meta":{"footnotes":""},"categories":[2625,4,36],"tags":[7060,7064],"class_list":["post-44939","post","type-post","status-publish","format-standard","has-post-thumbnail","hentry","category-alcaldia-de-cucuta","category-barra","category-la-voz-del-pueblo","tag-ferias-de-cucuta-2025","tag-secretaria-de-cultura-y-patrimonio"],"_links":{"self":[{"href":"https:\/\/contraluzcucuta.co\/index.php?rest_route=\/wp\/v2\/posts\/44939","targetHints":{"allow":["GET"]}}],"collection":[{"href":"https:\/\/contraluzcucuta.co\/index.php?rest_route=\/wp\/v2\/posts"}],"about":[{"href":"https:\/\/contraluzcucuta.co\/index.php?rest_route=\/wp\/v2\/types\/post"}],"author":[{"embeddable":true,"href":"https:\/\/contraluzcucuta.co\/index.php?rest_route=\/wp\/v2\/users\/1"}],"replies":[{"embeddable":true,"href":"https:\/\/contraluzcucuta.co\/index.php?rest_route=%2Fwp%2Fv2%2Fcomments&post=44939"}],"version-history":[{"count":1,"href":"https:\/\/contraluzcucuta.co\/index.php?rest_route=\/wp\/v2\/posts\/44939\/revisions"}],"predecessor-version":[{"id":44942,"href":"https:\/\/contraluzcucuta.co\/index.php?rest_route=\/wp\/v2\/posts\/44939\/revisions\/44942"}],"wp:featuredmedia":[{"embeddable":true,"href":"https:\/\/contraluzcucuta.co\/index.php?rest_route=\/wp\/v2\/media\/44940"}],"wp:attachment":[{"href":"https:\/\/contraluzcucuta.co\/index.php?rest_route=%2Fwp%2Fv2%2Fmedia&parent=44939"}],"wp:term":[{"taxonomy":"category","embeddable":true,"href":"https:\/\/contraluzcucuta.co\/index.php?rest_route=%2Fwp%2Fv2%2Fcategories&post=44939"},{"taxonomy":"post_tag","embeddable":true,"href":"https:\/\/contraluzcucuta.co\/index.php?rest_route=%2Fwp%2Fv2%2Ftags&post=44939"}],"curies":[{"name":"wp","href":"https:\/\/api.w.org\/{rel}","templated":true}]}}