{"id":44902,"date":"2025-07-16T19:04:41","date_gmt":"2025-07-17T00:04:41","guid":{"rendered":"https:\/\/contraluzcucuta.co\/?p=44902"},"modified":"2025-07-16T19:04:41","modified_gmt":"2025-07-17T00:04:41","slug":"norte-de-santander-115-anos-de-historia-identidad-y-desarrollo","status":"publish","type":"post","link":"https:\/\/contraluzcucuta.co\/?p=44902","title":{"rendered":"NORTE DE SANTANDER. 115 a\u00f1os de historia, identidad y desarrollo"},"content":{"rendered":"<p style=\"text-align: right;\"><strong>C\u00daCUTA.<\/strong><\/p>\n<p><strong><span style=\"color: #ff9900;\">Norte de Santander fue creado mediante la Ley 25 de 1910, durante la presidencia del nortesantandereano Ram\u00f3n Gonz\u00e1lez Valencia. Los or\u00edgenes est\u00e1n profundamente ligados a hechos clave de la historia nacional, entre los que destacan la Batalla de C\u00facuta (1813) y la firma de la Constituci\u00f3n (1821) en Villa del Rosario.<\/span><\/strong><\/p>\n<p><a href=\"https:\/\/contraluzcucuta.co\/wp-content\/uploads\/2025\/07\/GOBERNADOR-DEPARTAMENTO-1-scaled.jpg\"><img loading=\"lazy\" decoding=\"async\" class=\"alignnone  wp-image-44904 alignleft\" src=\"https:\/\/contraluzcucuta.co\/wp-content\/uploads\/2025\/07\/GOBERNADOR-DEPARTAMENTO-1-300x200.jpg\" alt=\"\" width=\"254\" height=\"169\" srcset=\"https:\/\/contraluzcucuta.co\/wp-content\/uploads\/2025\/07\/GOBERNADOR-DEPARTAMENTO-1-300x200.jpg 300w, https:\/\/contraluzcucuta.co\/wp-content\/uploads\/2025\/07\/GOBERNADOR-DEPARTAMENTO-1-scaled-600x400.jpg 600w, https:\/\/contraluzcucuta.co\/wp-content\/uploads\/2025\/07\/GOBERNADOR-DEPARTAMENTO-1-1024x683.jpg 1024w, https:\/\/contraluzcucuta.co\/wp-content\/uploads\/2025\/07\/GOBERNADOR-DEPARTAMENTO-1-768x512.jpg 768w, https:\/\/contraluzcucuta.co\/wp-content\/uploads\/2025\/07\/GOBERNADOR-DEPARTAMENTO-1-1536x1024.jpg 1536w, https:\/\/contraluzcucuta.co\/wp-content\/uploads\/2025\/07\/GOBERNADOR-DEPARTAMENTO-1-2048x1366.jpg 2048w, https:\/\/contraluzcucuta.co\/wp-content\/uploads\/2025\/07\/GOBERNADOR-DEPARTAMENTO-1-310x205.jpg 310w\" sizes=\"auto, (max-width: 254px) 100vw, 254px\" \/><\/a><\/p>\n<p>En la ceremonia solemne, organizada para conmemorar los 115 a\u00f1os de la creaci\u00f3n del departamento, el gobernador William Villamizar Laguado resalt\u00f3 los valores hist\u00f3rico, geogr\u00e1fico y humano, y ratific\u00f3 el compromiso con el desarrollo sostenible y la construcci\u00f3n de paz en la regi\u00f3n.<\/p>\n<p>\u201cHoy, celebramos 115 a\u00f1os de una tierra que ha sido cuna de grandes l\u00edderes, escenario de hechos hist\u00f3ricos y ejemplo de solidaridad\u201d, dijo Villamizar Laguado. El departamento avanza con fuerza hacia el desarrollo sostenible y compatible con el medio ambiente para garantizar el agua, la vida y el futuro de las generaciones siguientes, expres\u00f3.<\/p>\n<p>Entre los aspectos que resalt\u00f3, destacan:<\/p>\n<ul>\n<li>La diversidad natural, cultural y productiva del departamento<\/li>\n<li>La posici\u00f3n estrat\u00e9gica como puerta hacia el mercado venezolano<\/li>\n<li>La riqueza h\u00eddrica de los p\u00e1ramos de Santurb\u00e1n y Almorzadero<\/li>\n<li>La capacidad de resiliencia ante los retos hist\u00f3ricos y actuales.<\/li>\n<\/ul>\n<p>\u201cNorte de Santander es una regi\u00f3n que, pese a las dificultades, se levanta cada d\u00eda con la firme convicci\u00f3n de seguir construyendo bienestar\u201d, anot\u00f3 el gobernador. Dijo sentirse orgulloso de pertenecer a esta tierra y de escribir, junto a la gente, nuevas p\u00e1ginas de esperanza, progreso y paz.<\/p>\n<p>El acto protocolario fue complementado con representaciones culturales y acad\u00e9micas, y con la participaci\u00f3n de autoridades civiles, militares y comunidad.<\/p>\n<p>Luis Tob\u00f3n &#8211; @GoberNorte<\/p>\n","protected":false},"excerpt":{"rendered":"<p>C\u00daCUTA. Norte de Santander fue creado mediante la Ley 25 de 1910, durante la presidencia del nortesantandereano Ram\u00f3n Gonz\u00e1lez Valencia. Los or\u00edgenes est\u00e1n profundamente ligados a hechos clave de la historia nacional, entre los que destacan la Batalla de C\u00facuta (1813) y la firma de la Constituci\u00f3n (1821) en Villa del Rosario. En la ceremonia &hellip;<\/p>\n","protected":false},"author":1,"featured_media":44903,"comment_status":"open","ping_status":"open","sticky":false,"template":"","format":"standard","meta":{"footnotes":""},"categories":[45,4],"tags":[6926,6761,619,3730],"class_list":["post-44902","post","type-post","status-publish","format-standard","has-post-thumbnail","hentry","category-destacado","category-barra","tag-gobernorte","tag-gobernador-williamvillamizar","tag-norte-de-santander","tag-ramon-gonzalez-valencia"],"_links":{"self":[{"href":"https:\/\/contraluzcucuta.co\/index.php?rest_route=\/wp\/v2\/posts\/44902","targetHints":{"allow":["GET"]}}],"collection":[{"href":"https:\/\/contraluzcucuta.co\/index.php?rest_route=\/wp\/v2\/posts"}],"about":[{"href":"https:\/\/contraluzcucuta.co\/index.php?rest_route=\/wp\/v2\/types\/post"}],"author":[{"embeddable":true,"href":"https:\/\/contraluzcucuta.co\/index.php?rest_route=\/wp\/v2\/users\/1"}],"replies":[{"embeddable":true,"href":"https:\/\/contraluzcucuta.co\/index.php?rest_route=%2Fwp%2Fv2%2Fcomments&post=44902"}],"version-history":[{"count":1,"href":"https:\/\/contraluzcucuta.co\/index.php?rest_route=\/wp\/v2\/posts\/44902\/revisions"}],"predecessor-version":[{"id":44905,"href":"https:\/\/contraluzcucuta.co\/index.php?rest_route=\/wp\/v2\/posts\/44902\/revisions\/44905"}],"wp:featuredmedia":[{"embeddable":true,"href":"https:\/\/contraluzcucuta.co\/index.php?rest_route=\/wp\/v2\/media\/44903"}],"wp:attachment":[{"href":"https:\/\/contraluzcucuta.co\/index.php?rest_route=%2Fwp%2Fv2%2Fmedia&parent=44902"}],"wp:term":[{"taxonomy":"category","embeddable":true,"href":"https:\/\/contraluzcucuta.co\/index.php?rest_route=%2Fwp%2Fv2%2Fcategories&post=44902"},{"taxonomy":"post_tag","embeddable":true,"href":"https:\/\/contraluzcucuta.co\/index.php?rest_route=%2Fwp%2Fv2%2Ftags&post=44902"}],"curies":[{"name":"wp","href":"https:\/\/api.w.org\/{rel}","templated":true}]}}