{"id":44897,"date":"2025-07-16T17:54:05","date_gmt":"2025-07-16T22:54:05","guid":{"rendered":"https:\/\/contraluzcucuta.co\/?p=44897"},"modified":"2025-07-16T17:54:21","modified_gmt":"2025-07-16T22:54:21","slug":"ferias-de-cucuta-fuerza-publica-garantizara-seguridad-ciudadana","status":"publish","type":"post","link":"https:\/\/contraluzcucuta.co\/?p=44897","title":{"rendered":"FERIAS DE C\u00daCUTA. Fuerza p\u00fablica garantizar\u00e1 seguridad ciudadana"},"content":{"rendered":"<p style=\"text-align: right;\"><strong>C\u00daCUTA.<\/strong><\/p>\n<p><strong><span style=\"color: #ff9900;\">La Secretar\u00eda de Seguridad Ciudadana coordina las acciones tendientes a garantizar el orden, la tranquilidad y la convivencia ciudadanas durante las Ferias de C\u00facuta 2025. Entre las medidas establecidas por la administraci\u00f3n municipal destacan:<\/span><\/strong><\/p>\n<ul>\n<li>Aumento en la presencia policial y militar<\/li>\n<li>Controles de acceso<\/li>\n<li>Patrullajes terrestres y a\u00e9reos<\/li>\n<li>Labores de inteligencia<\/li>\n<li>Puntos de informaci\u00f3n<\/li>\n<\/ul>\n<p><a href=\"https:\/\/contraluzcucuta.co\/wp-content\/uploads\/2025\/07\/FERIAS-SEGURIDAD-1.jpg\"><img loading=\"lazy\" decoding=\"async\" class=\"alignnone wp-image-44899 alignleft\" src=\"https:\/\/contraluzcucuta.co\/wp-content\/uploads\/2025\/07\/FERIAS-SEGURIDAD-1-300x225.jpg\" alt=\"\" width=\"251\" height=\"188\" srcset=\"https:\/\/contraluzcucuta.co\/wp-content\/uploads\/2025\/07\/FERIAS-SEGURIDAD-1-300x225.jpg 300w, https:\/\/contraluzcucuta.co\/wp-content\/uploads\/2025\/07\/FERIAS-SEGURIDAD-1-600x450.jpg 600w, https:\/\/contraluzcucuta.co\/wp-content\/uploads\/2025\/07\/FERIAS-SEGURIDAD-1-1024x768.jpg 1024w, https:\/\/contraluzcucuta.co\/wp-content\/uploads\/2025\/07\/FERIAS-SEGURIDAD-1-768x576.jpg 768w, https:\/\/contraluzcucuta.co\/wp-content\/uploads\/2025\/07\/FERIAS-SEGURIDAD-1.jpg 1280w\" sizes=\"auto, (max-width: 251px) 100vw, 251px\" \/><\/a><\/p>\n<p>\u201cHemos dispuesto todas las capacidades institucionales en articulaci\u00f3n con Polic\u00eda y Ej\u00e9rcito\u201d, dijo el secretario de Seguridad Ciudadana, Edwin Cardona. La labor garantizar\u00e1 la presencia y el acompa\u00f1amiento permanentes en los actos centrales y en las comunas.<\/p>\n<p>Las medidas buscan proteger la integridad y el bienestar de los asistentes durante las festividades. La Polic\u00eda Metropolitana contar\u00e1 con el Grupo de Operaciones Especiales (GOES), Sij\u00edn, Turismo, Carabineros, Gaula, Vigilancia y Polic\u00eda Comunitaria, entre otras especialidades.<\/p>\n<p>El Ej\u00e9rcito har\u00e1 presencia con soldados del grupo de Caballer\u00eda Mecanizado 5, General Herm\u00f3genes Maza, Batall\u00f3n de Polic\u00eda Militar 30 y Gaula Militar.<\/p>\n<p>La Alcald\u00eda y las autoridades de seguridad agradecen la colaboraci\u00f3n de la ciudadan\u00eda para garantizar la seguridad y el \u00e9xito de las ferias y festividades.<\/p>\n","protected":false},"excerpt":{"rendered":"<p>C\u00daCUTA. La Secretar\u00eda de Seguridad Ciudadana coordina las acciones tendientes a garantizar el orden, la tranquilidad y la convivencia ciudadanas durante las Ferias de C\u00facuta 2025. Entre las medidas establecidas por la administraci\u00f3n municipal destacan: Aumento en la presencia policial y militar Controles de acceso Patrullajes terrestres y a\u00e9reos Labores de inteligencia Puntos de informaci\u00f3n &hellip;<\/p>\n","protected":false},"author":1,"featured_media":44898,"comment_status":"open","ping_status":"open","sticky":false,"template":"","format":"standard","meta":{"footnotes":""},"categories":[2625,11,4],"tags":[226,293,2889],"class_list":["post-44897","post","type-post","status-publish","format-standard","has-post-thumbnail","hentry","category-alcaldia-de-cucuta","category-cronica-roja","category-barra","tag-alcaldia-de-cucuta","tag-policia-metropolitana-de-cucuta","tag-secretaria-de-seguridad-ciudadana"],"_links":{"self":[{"href":"https:\/\/contraluzcucuta.co\/index.php?rest_route=\/wp\/v2\/posts\/44897","targetHints":{"allow":["GET"]}}],"collection":[{"href":"https:\/\/contraluzcucuta.co\/index.php?rest_route=\/wp\/v2\/posts"}],"about":[{"href":"https:\/\/contraluzcucuta.co\/index.php?rest_route=\/wp\/v2\/types\/post"}],"author":[{"embeddable":true,"href":"https:\/\/contraluzcucuta.co\/index.php?rest_route=\/wp\/v2\/users\/1"}],"replies":[{"embeddable":true,"href":"https:\/\/contraluzcucuta.co\/index.php?rest_route=%2Fwp%2Fv2%2Fcomments&post=44897"}],"version-history":[{"count":2,"href":"https:\/\/contraluzcucuta.co\/index.php?rest_route=\/wp\/v2\/posts\/44897\/revisions"}],"predecessor-version":[{"id":44901,"href":"https:\/\/contraluzcucuta.co\/index.php?rest_route=\/wp\/v2\/posts\/44897\/revisions\/44901"}],"wp:featuredmedia":[{"embeddable":true,"href":"https:\/\/contraluzcucuta.co\/index.php?rest_route=\/wp\/v2\/media\/44898"}],"wp:attachment":[{"href":"https:\/\/contraluzcucuta.co\/index.php?rest_route=%2Fwp%2Fv2%2Fmedia&parent=44897"}],"wp:term":[{"taxonomy":"category","embeddable":true,"href":"https:\/\/contraluzcucuta.co\/index.php?rest_route=%2Fwp%2Fv2%2Fcategories&post=44897"},{"taxonomy":"post_tag","embeddable":true,"href":"https:\/\/contraluzcucuta.co\/index.php?rest_route=%2Fwp%2Fv2%2Ftags&post=44897"}],"curies":[{"name":"wp","href":"https:\/\/api.w.org\/{rel}","templated":true}]}}