{"id":44877,"date":"2025-07-14T15:10:00","date_gmt":"2025-07-14T20:10:00","guid":{"rendered":"https:\/\/contraluzcucuta.co\/?p=44877"},"modified":"2025-07-14T15:10:00","modified_gmt":"2025-07-14T20:10:00","slug":"acciones-de-la-policia-recuperacion-de-motos-incautacion-de-armas-allanamientos-y-capturas","status":"publish","type":"post","link":"https:\/\/contraluzcucuta.co\/?p=44877","title":{"rendered":"ACCIONES DE LA POLIC\u00cdA. Recuperaci\u00f3n de motos, incautaci\u00f3n de armas, allanamientos y capturas"},"content":{"rendered":"<p style=\"text-align: right;\"><strong>C\u00daCUTA.<\/strong><\/p>\n<p><strong><span style=\"color: #ff9900;\">En lo corrido del 2025, la Polic\u00eda Metropolitana ha recuperado 143 motos y ha capturado a 71 personas por ese delito. De los detenidos, 18 han sido cobijados con medida privativa de la libertad y se han esclarecido 39 casos de robos de motos.<\/span><\/strong><\/p>\n<p style=\"text-align: center;\"><a href=\"https:\/\/contraluzcucuta.co\/wp-content\/uploads\/2025\/07\/POLICIA-CAPTURAS-3.jpg\"><img loading=\"lazy\" decoding=\"async\" class=\"alignnone size-medium wp-image-44880\" src=\"https:\/\/contraluzcucuta.co\/wp-content\/uploads\/2025\/07\/POLICIA-CAPTURAS-3-300x200.jpg\" alt=\"\" width=\"300\" height=\"200\" srcset=\"https:\/\/contraluzcucuta.co\/wp-content\/uploads\/2025\/07\/POLICIA-CAPTURAS-3-300x200.jpg 300w, https:\/\/contraluzcucuta.co\/wp-content\/uploads\/2025\/07\/POLICIA-CAPTURAS-3-600x400.jpg 600w, https:\/\/contraluzcucuta.co\/wp-content\/uploads\/2025\/07\/POLICIA-CAPTURAS-3-1024x683.jpg 1024w, https:\/\/contraluzcucuta.co\/wp-content\/uploads\/2025\/07\/POLICIA-CAPTURAS-3-768x512.jpg 768w, https:\/\/contraluzcucuta.co\/wp-content\/uploads\/2025\/07\/POLICIA-CAPTURAS-3-1536x1025.jpg 1536w, https:\/\/contraluzcucuta.co\/wp-content\/uploads\/2025\/07\/POLICIA-CAPTURAS-3-2048x1366.jpg 2048w\" sizes=\"auto, (max-width: 300px) 100vw, 300px\" \/><\/a><\/p>\n<p>En la segunda semana de julio, fueron capturadas 43 personas; 37 en flagrancia y 6 por orden judicial. Volvi\u00f3 a golpearse las estructuras criminales con la detenci\u00f3n de 12 presuntos integrantes de grupos ilegales.<\/p>\n<p>El alcalde Jorge Acevedo dijo que las acciones adelantadas por la Polic\u00eda Metropolitana contra la delincuencia ayudan a mejorar la seguridad ciudadana.<\/p>\n<ul>\n<li>Recuperaci\u00f3n de motos robadas<\/li>\n<li>Incautaci\u00f3n de armas<\/li>\n<li>Allanamientos<\/li>\n<li>Capturas<\/li>\n<\/ul>\n<p>Record\u00f3 que uno de los compromisos con los cucute\u00f1os es atacar el hurto de motos. &#8220;Vamos por esos bandidos, vamos por esos delincuentes, vamos por esos desguazaderos\u201d. Dijo que trabajar\u00e1 contra ese delito y que ofrecer\u00e1 incentivos que generen informaci\u00f3n para capturar a los responsables.<\/p>\n<p>La Polic\u00eda Metropolitana llev\u00f3 a cabo 10 allanamientos y se incaut\u00f3 de 10 armas de fuego.<\/p>\n<p>El coronel \u00c9dgar Correa, comandante (e) de la Polic\u00eda Metropolitana, se\u00f1al\u00f3 que esos resultados se han dado por la informaci\u00f3n que entrega la comunidad. &#8220;En las zonas de mayor afectaci\u00f3n se han adelantado 135 planes, los que nos han ayudado a recuperar 143 motocicletas\u201d.<\/p>\n","protected":false},"excerpt":{"rendered":"<p>C\u00daCUTA. En lo corrido del 2025, la Polic\u00eda Metropolitana ha recuperado 143 motos y ha capturado a 71 personas por ese delito. De los detenidos, 18 han sido cobijados con medida privativa de la libertad y se han esclarecido 39 casos de robos de motos. En la segunda semana de julio, fueron capturadas 43 personas; &hellip;<\/p>\n","protected":false},"author":1,"featured_media":44878,"comment_status":"open","ping_status":"open","sticky":false,"template":"","format":"standard","meta":{"footnotes":""},"categories":[11,4],"tags":[5950,7053,293],"class_list":["post-44877","post","type-post","status-publish","format-standard","has-post-thumbnail","hentry","category-cronica-roja","category-barra","tag-alcalde-jorge-acevedo","tag-coronel-edgar-correa","tag-policia-metropolitana-de-cucuta"],"_links":{"self":[{"href":"https:\/\/contraluzcucuta.co\/index.php?rest_route=\/wp\/v2\/posts\/44877","targetHints":{"allow":["GET"]}}],"collection":[{"href":"https:\/\/contraluzcucuta.co\/index.php?rest_route=\/wp\/v2\/posts"}],"about":[{"href":"https:\/\/contraluzcucuta.co\/index.php?rest_route=\/wp\/v2\/types\/post"}],"author":[{"embeddable":true,"href":"https:\/\/contraluzcucuta.co\/index.php?rest_route=\/wp\/v2\/users\/1"}],"replies":[{"embeddable":true,"href":"https:\/\/contraluzcucuta.co\/index.php?rest_route=%2Fwp%2Fv2%2Fcomments&post=44877"}],"version-history":[{"count":1,"href":"https:\/\/contraluzcucuta.co\/index.php?rest_route=\/wp\/v2\/posts\/44877\/revisions"}],"predecessor-version":[{"id":44881,"href":"https:\/\/contraluzcucuta.co\/index.php?rest_route=\/wp\/v2\/posts\/44877\/revisions\/44881"}],"wp:featuredmedia":[{"embeddable":true,"href":"https:\/\/contraluzcucuta.co\/index.php?rest_route=\/wp\/v2\/media\/44878"}],"wp:attachment":[{"href":"https:\/\/contraluzcucuta.co\/index.php?rest_route=%2Fwp%2Fv2%2Fmedia&parent=44877"}],"wp:term":[{"taxonomy":"category","embeddable":true,"href":"https:\/\/contraluzcucuta.co\/index.php?rest_route=%2Fwp%2Fv2%2Fcategories&post=44877"},{"taxonomy":"post_tag","embeddable":true,"href":"https:\/\/contraluzcucuta.co\/index.php?rest_route=%2Fwp%2Fv2%2Ftags&post=44877"}],"curies":[{"name":"wp","href":"https:\/\/api.w.org\/{rel}","templated":true}]}}