{"id":44850,"date":"2025-07-08T17:24:21","date_gmt":"2025-07-08T22:24:21","guid":{"rendered":"https:\/\/contraluzcucuta.co\/?p=44850"},"modified":"2025-07-08T17:24:21","modified_gmt":"2025-07-08T22:24:21","slug":"seguridad-minera-norte-de-santander-fortalece-acciones-para-reducir-la-accidentalidad","status":"publish","type":"post","link":"https:\/\/contraluzcucuta.co\/?p=44850","title":{"rendered":"SEGURIDAD MINERA. Norte de Santander fortalece acciones para reducir la accidentalidad"},"content":{"rendered":"<p style=\"text-align: right;\"><strong>C\u00daCUTA.<\/strong><\/p>\n<p><strong><span style=\"color: #ff9900;\">La Mesa Regional de Seguridad Minera de Norte de Santander busca fortalecer la implementaci\u00f3n de la Pol\u00edtica Nacional de Seguridad Minera y consolidar estrategias para reducir la alta accidentalidad en el sector.<\/span><\/strong><\/p>\n<p>En la sesi\u00f3n cumplida en la Quinta Teresa participaron gremios mineros, SENA, Ministerio de Trabajo, Agencia Nacional de Miner\u00eda, ARL Positiva, Universidad Francisco de Paula Santander, Instituto Departamental de Salud y Comit\u00e9 de Coordinaci\u00f3n de Riesgos. Entre los asuntos tratados se analizaron mecanismos de prevenci\u00f3n, seguimiento y articulaci\u00f3n para garantizar condiciones seguras en las operaciones extractivas en el departamento.<\/p>\n<p>\u201cSe busca implementar estrategias efectivas que contribuyan a la reducci\u00f3n de la accidentalidad minera\u201d, dijo la secretaria de Gesti\u00f3n Minero y Energ\u00e9tica Sostenible de Norte de Santander, Carolina \u00c1lvarez. El objetivo es promover la cultura de prevenci\u00f3n, cumplimiento normativo y responsabilidad en todos los niveles de operaci\u00f3n.<\/p>\n<p>El espacio t\u00e9cnico, que sesiona cada dos meses, ha permitido consolidar la articulaci\u00f3n permanente entre los actores del sector, con el prop\u00f3sito de avanzar hacia la miner\u00eda legal, segura y sostenible en el departamento.<\/p>\n<p><strong>Nohem\u00ed Botero &#8211; @GoberNorte<\/strong><\/p>\n","protected":false},"excerpt":{"rendered":"<p>C\u00daCUTA. La Mesa Regional de Seguridad Minera de Norte de Santander busca fortalecer la implementaci\u00f3n de la Pol\u00edtica Nacional de Seguridad Minera y consolidar estrategias para reducir la alta accidentalidad en el sector. En la sesi\u00f3n cumplida en la Quinta Teresa participaron gremios mineros, SENA, Ministerio de Trabajo, Agencia Nacional de Miner\u00eda, ARL Positiva, Universidad &hellip;<\/p>\n","protected":false},"author":1,"featured_media":44851,"comment_status":"open","ping_status":"open","sticky":false,"template":"","format":"standard","meta":{"footnotes":""},"categories":[4,32],"tags":[7041,7042,7043],"class_list":["post-44850","post","type-post","status-publish","format-standard","has-post-thumbnail","hentry","category-barra","category-recorrido-por-la-region","tag-mesa-regional-de-seguridad-minera","tag-politica-nacional-de-seguridad-minera","tag-secretaria-de-gestion-minera"],"_links":{"self":[{"href":"https:\/\/contraluzcucuta.co\/index.php?rest_route=\/wp\/v2\/posts\/44850","targetHints":{"allow":["GET"]}}],"collection":[{"href":"https:\/\/contraluzcucuta.co\/index.php?rest_route=\/wp\/v2\/posts"}],"about":[{"href":"https:\/\/contraluzcucuta.co\/index.php?rest_route=\/wp\/v2\/types\/post"}],"author":[{"embeddable":true,"href":"https:\/\/contraluzcucuta.co\/index.php?rest_route=\/wp\/v2\/users\/1"}],"replies":[{"embeddable":true,"href":"https:\/\/contraluzcucuta.co\/index.php?rest_route=%2Fwp%2Fv2%2Fcomments&post=44850"}],"version-history":[{"count":1,"href":"https:\/\/contraluzcucuta.co\/index.php?rest_route=\/wp\/v2\/posts\/44850\/revisions"}],"predecessor-version":[{"id":44852,"href":"https:\/\/contraluzcucuta.co\/index.php?rest_route=\/wp\/v2\/posts\/44850\/revisions\/44852"}],"wp:featuredmedia":[{"embeddable":true,"href":"https:\/\/contraluzcucuta.co\/index.php?rest_route=\/wp\/v2\/media\/44851"}],"wp:attachment":[{"href":"https:\/\/contraluzcucuta.co\/index.php?rest_route=%2Fwp%2Fv2%2Fmedia&parent=44850"}],"wp:term":[{"taxonomy":"category","embeddable":true,"href":"https:\/\/contraluzcucuta.co\/index.php?rest_route=%2Fwp%2Fv2%2Fcategories&post=44850"},{"taxonomy":"post_tag","embeddable":true,"href":"https:\/\/contraluzcucuta.co\/index.php?rest_route=%2Fwp%2Fv2%2Ftags&post=44850"}],"curies":[{"name":"wp","href":"https:\/\/api.w.org\/{rel}","templated":true}]}}