{"id":44820,"date":"2025-07-03T18:09:30","date_gmt":"2025-07-03T23:09:30","guid":{"rendered":"https:\/\/contraluzcucuta.co\/?p=44820"},"modified":"2025-07-03T18:09:30","modified_gmt":"2025-07-03T23:09:30","slug":"audifono-de-aqui-para-alla","status":"publish","type":"post","link":"https:\/\/contraluzcucuta.co\/?p=44820","title":{"rendered":"AUD\u00cdFONO. De aqu\u00ed para all\u00e1"},"content":{"rendered":"<p><strong><span style=\"color: #ff9900;\">El presidente Gustavo Petro se comporta como ni\u00f1o caprichoso que quiere una cosa y si se la niegan, entonces, quiere otra y as\u00ed sucesivamente. No para de hacer inventos para mantener distra\u00edda a la opini\u00f3n que se desgasta en discutir cada ocurrencia presidencial.<\/span><\/strong><\/p>\n<p>La reforma laboral no fue aprobada como la propuso el ministerio del Trabajo, entonces, apareci\u00f3 el decretazo convocando a consulta popular que, a todas luces, no cumpl\u00eda con la normatividad vigente, no obstante, las extensas explicaciones dadas por el \u00faltimo paracaidista de este Gobierno, el ministro de justicia Eduardo Montealegre, o el ministro del interior Armando Benedetti. Ninguno logr\u00f3 convencer ni al Congreso de la Rep\u00fablica, ni a los ciudadanos con argumentaci\u00f3n categ\u00f3rica.<\/p>\n<p>El Congreso rescat\u00f3 esa reforma. La vot\u00f3, aprob\u00f3 y concili\u00f3, quedando muy parecida a la del Gobierno, raz\u00f3n por la cual el decretazo fue derogado y con ello ces\u00f3 la amenaza de enjuiciamiento por prevaricato, tanto al Presidente como a los ministros obligados a firmar. En el entretanto, se propuso tambi\u00e9n con autor\u00eda del reci\u00e9n llegado al cargo de ministro de Justicia, una asamblea constituyente respaldada por la firma de ocho millones de colombianos. Otra vez, sin que se cumpliera ninguno de los preceptos que existen para tal convocatoria.<\/p>\n<p>La discusi\u00f3n, tambi\u00e9n, se dio en muchos estrados y escenarios. Esa no es una f\u00f3rmula viable para modificar la Constituci\u00f3n colombiana que apenas tiene 34 a\u00f1os, que no se ajusta al pensamiento del actual Presidente. Se recuerda que esa carta magna que nos gobierna tuvo presidencia colegiada y uno de los miembros perteneci\u00f3 al M-19, movimiento guerrillero del cual emergi\u00f3 Petro y que no ha olvidado. Por eso, de cuando en cuando, saca la bandera de ese grupo que, sin embargo, hace pocos d\u00edas la cambi\u00f3 por una de muerte.<\/p>\n<p>En d\u00edas m\u00e1s recientes nombr\u00f3 en el alto cargo de jefe de gabinete ministerial a Alfredo Saade, quien se presenta como ministro de alg\u00fan grupo religioso, no reconocido como tal por alg\u00fan movimiento cristiano. El asunto es que se impuso a la canciller Laura Sarabia, desconoci\u00f3 su criterio con relaci\u00f3n al asunto de los pasaportes, estando de acuerdo con el Presidente y todo parece indicar que este documento internacional ser\u00e1 fabricado en Portugal. Antes, se dijo que los har\u00eda la Imprenta Nacional. Solo fue un invento de pasillo. Al final, esta situaci\u00f3n desemboc\u00f3 en la renuncia de la Canciller, quien expres\u00f3 en la dimisi\u00f3n: \u201cen los \u00faltimos d\u00edas se han tomado decisiones que no comparto y que, por coherencia personal y respeto institucional, no puedo acompa\u00f1ar\u201d.<\/p>\n<p>Todos los d\u00edas tenemos un nuevo tema escandaloso, sin que se haya resuelto el anterior. Entre otras cosas, hay un manto de dudas serias en relaci\u00f3n con el viaje de Petro a Manta (Ecuador) que con justicia merecen ser despejadas. Se acerca el a\u00f1o final de esta administraci\u00f3n y la esperanza para quienes todav\u00eda creen en ella es que la direcci\u00f3n que se imponga a los asuntos del Gobierno sea la correcta. Con tantos y repetidos bandazos, es poco posible.<\/p>\n<ol>\n<li>O. Pab\u00f3n<\/li>\n<\/ol>\n<p>@paboncito<\/p>\n","protected":false},"excerpt":{"rendered":"<p>El presidente Gustavo Petro se comporta como ni\u00f1o caprichoso que quiere una cosa y si se la niegan, entonces, quiere otra y as\u00ed sucesivamente. No para de hacer inventos para mantener distra\u00edda a la opini\u00f3n que se desgasta en discutir cada ocurrencia presidencial. La reforma laboral no fue aprobada como la propuso el ministerio del &hellip;<\/p>\n","protected":false},"author":1,"featured_media":44821,"comment_status":"open","ping_status":"open","sticky":false,"template":"","format":"standard","meta":{"footnotes":""},"categories":[14,4],"tags":[2749,7000],"class_list":["post-44820","post","type-post","status-publish","format-standard","has-post-thumbnail","hentry","category-articulistas","category-barra","tag-articulistas-contraluz","tag-audifono"],"_links":{"self":[{"href":"https:\/\/contraluzcucuta.co\/index.php?rest_route=\/wp\/v2\/posts\/44820","targetHints":{"allow":["GET"]}}],"collection":[{"href":"https:\/\/contraluzcucuta.co\/index.php?rest_route=\/wp\/v2\/posts"}],"about":[{"href":"https:\/\/contraluzcucuta.co\/index.php?rest_route=\/wp\/v2\/types\/post"}],"author":[{"embeddable":true,"href":"https:\/\/contraluzcucuta.co\/index.php?rest_route=\/wp\/v2\/users\/1"}],"replies":[{"embeddable":true,"href":"https:\/\/contraluzcucuta.co\/index.php?rest_route=%2Fwp%2Fv2%2Fcomments&post=44820"}],"version-history":[{"count":1,"href":"https:\/\/contraluzcucuta.co\/index.php?rest_route=\/wp\/v2\/posts\/44820\/revisions"}],"predecessor-version":[{"id":44822,"href":"https:\/\/contraluzcucuta.co\/index.php?rest_route=\/wp\/v2\/posts\/44820\/revisions\/44822"}],"wp:featuredmedia":[{"embeddable":true,"href":"https:\/\/contraluzcucuta.co\/index.php?rest_route=\/wp\/v2\/media\/44821"}],"wp:attachment":[{"href":"https:\/\/contraluzcucuta.co\/index.php?rest_route=%2Fwp%2Fv2%2Fmedia&parent=44820"}],"wp:term":[{"taxonomy":"category","embeddable":true,"href":"https:\/\/contraluzcucuta.co\/index.php?rest_route=%2Fwp%2Fv2%2Fcategories&post=44820"},{"taxonomy":"post_tag","embeddable":true,"href":"https:\/\/contraluzcucuta.co\/index.php?rest_route=%2Fwp%2Fv2%2Ftags&post=44820"}],"curies":[{"name":"wp","href":"https:\/\/api.w.org\/{rel}","templated":true}]}}