{"id":44811,"date":"2025-07-02T08:49:56","date_gmt":"2025-07-02T13:49:56","guid":{"rendered":"https:\/\/contraluzcucuta.co\/?p=44811"},"modified":"2025-07-02T08:49:56","modified_gmt":"2025-07-02T13:49:56","slug":"mister-colombia-chinacotense-buscara-la-corona-para-norte-de-santander","status":"publish","type":"post","link":"https:\/\/contraluzcucuta.co\/?p=44811","title":{"rendered":"M\u00cdSTER COLOMBIA. Chinacotense buscar\u00e1 la corona para Norte de Santander"},"content":{"rendered":"<p style=\"text-align: right;\"><strong>C\u00daCUTA.<\/strong><\/p>\n<p><a href=\"https:\/\/contraluzcucuta.co\/wp-content\/uploads\/2025\/07\/MODELO-MISTER-COLOMBIA-1-scaled.jpg\"><img loading=\"lazy\" decoding=\"async\" class=\"size-medium wp-image-44813 alignright\" src=\"https:\/\/contraluzcucuta.co\/wp-content\/uploads\/2025\/07\/MODELO-MISTER-COLOMBIA-1-197x300.jpg\" alt=\"\" width=\"197\" height=\"300\" srcset=\"https:\/\/contraluzcucuta.co\/wp-content\/uploads\/2025\/07\/MODELO-MISTER-COLOMBIA-1-197x300.jpg 197w, https:\/\/contraluzcucuta.co\/wp-content\/uploads\/2025\/07\/MODELO-MISTER-COLOMBIA-1-scaled-600x913.jpg 600w, https:\/\/contraluzcucuta.co\/wp-content\/uploads\/2025\/07\/MODELO-MISTER-COLOMBIA-1-673x1024.jpg 673w, https:\/\/contraluzcucuta.co\/wp-content\/uploads\/2025\/07\/MODELO-MISTER-COLOMBIA-1-768x1169.jpg 768w, https:\/\/contraluzcucuta.co\/wp-content\/uploads\/2025\/07\/MODELO-MISTER-COLOMBIA-1-1009x1536.jpg 1009w, https:\/\/contraluzcucuta.co\/wp-content\/uploads\/2025\/07\/MODELO-MISTER-COLOMBIA-1-1346x2048.jpg 1346w, https:\/\/contraluzcucuta.co\/wp-content\/uploads\/2025\/07\/MODELO-MISTER-COLOMBIA-1-scaled.jpg 1682w\" sizes=\"auto, (max-width: 197px) 100vw, 197px\" \/><\/a><\/p>\n<p><strong><span style=\"color: #ff9900;\">Jarrison Alejandro Pab\u00f3n Morales, de 25 a\u00f1os, nacido en Chin\u00e1cota, representar\u00e1 a Norte de Santander en el concurso nacional M\u00edster Colombia Cultura y Turismo. El certamen se llevar\u00e1 a cabo, del 6 al 9 de agosto, en Buenaventura. Es sic\u00f3logo egresado de la Universidad de Pamplona; especialista en Gerencia y Auditor\u00eda de la Calidad en los Servicios de Salud, de la UFPS y la Jorge Tadeo Lozano.<\/span><\/strong><\/p>\n<p>El concurso busca resaltar la belleza tur\u00edstica y cultural de los 13 departamentos participantes. Los concursantes ser\u00e1n evaluados en diversos aspectos, entre los que destacan las redes sociales, la muestra cultural de trajes t\u00edpicos y trajes de gala.<\/p>\n<p>\u201cHe estado prepar\u00e1ndome en diferentes \u00e1mbitos, creando contenido en mis redes sociales bajo el nombre de Mirando al Norte. Muestro los lugares emblem\u00e1ticos de Norte de Santander\u201d, dijo Pab\u00f3n Morales. La preparaci\u00f3n contempla clases de pasarela y oratoria en la agencia Class Fashion.<\/p>\n<p>Los dise\u00f1adores Ren\u00e9 Pab\u00f3n, Ygnacio Rivas y Judely Molina est\u00e1n a cargo de los trajes que usar\u00e1 durante el concurso. La meta es obtener el t\u00edtulo para incentivar el turismo, factor clave para la econom\u00eda de Norte de Santander. Otro prop\u00f3sito es inspirar a otros j\u00f3venes a unirse a eventos como M\u00edster Colombia y Cultura.<\/p>\n<p><a href=\"https:\/\/contraluzcucuta.co\/wp-content\/uploads\/2025\/07\/MODELO-MISTER-COLOMBIA-3.jpg\"><img loading=\"lazy\" decoding=\"async\" class=\"alignnone  wp-image-44814 alignleft\" src=\"https:\/\/contraluzcucuta.co\/wp-content\/uploads\/2025\/07\/MODELO-MISTER-COLOMBIA-3-300x247.jpg\" alt=\"\" width=\"245\" height=\"202\" srcset=\"https:\/\/contraluzcucuta.co\/wp-content\/uploads\/2025\/07\/MODELO-MISTER-COLOMBIA-3-300x247.jpg 300w, https:\/\/contraluzcucuta.co\/wp-content\/uploads\/2025\/07\/MODELO-MISTER-COLOMBIA-3-600x495.jpg 600w, https:\/\/contraluzcucuta.co\/wp-content\/uploads\/2025\/07\/MODELO-MISTER-COLOMBIA-3-1024x845.jpg 1024w, https:\/\/contraluzcucuta.co\/wp-content\/uploads\/2025\/07\/MODELO-MISTER-COLOMBIA-3-768x634.jpg 768w, https:\/\/contraluzcucuta.co\/wp-content\/uploads\/2025\/07\/MODELO-MISTER-COLOMBIA-3-1536x1267.jpg 1536w, https:\/\/contraluzcucuta.co\/wp-content\/uploads\/2025\/07\/MODELO-MISTER-COLOMBIA-3.jpg 1599w\" sizes=\"auto, (max-width: 245px) 100vw, 245px\" \/><\/a><\/p>\n<p><strong>SUE\u00d1O MUSICAL<\/strong><\/p>\n<p>Neyker Alexander Barrio Ch\u00e1vez, es cantante y compositor cristiano colombo-venezolano. Tiene 20 a\u00f1os y sue\u00f1a con llevar el amor de Jes\u00fas a millones de personas por medio de la m\u00fasica. Es modelo de la agencia Class Fashion Model.<\/p>\n<p>\u201cA mis 14 a\u00f1os, me echaron de la casa por ser cristiano. En mi soledad e intimidad con Dios naci\u00f3 el comienzo de toda una carrera musical, en la que el objetivo es alcanzar almas para Jesucristo\u201d.<\/p>\n<p>Grab\u00f3 el primer tema musical llamado \u2018\u00bfPara qu\u00e9?, producido por mi hermano en Cristo, Manuel Lemus, en colaboraci\u00f3n de Johan Cruz. Participar\u00e1 en el festival de la canci\u00f3n en el centro comercial Alejandr\u00eda.<\/p>\n","protected":false},"excerpt":{"rendered":"<p>C\u00daCUTA. Jarrison Alejandro Pab\u00f3n Morales, de 25 a\u00f1os, nacido en Chin\u00e1cota, representar\u00e1 a Norte de Santander en el concurso nacional M\u00edster Colombia Cultura y Turismo. El certamen se llevar\u00e1 a cabo, del 6 al 9 de agosto, en Buenaventura. Es sic\u00f3logo egresado de la Universidad de Pamplona; especialista en Gerencia y Auditor\u00eda de la Calidad &hellip;<\/p>\n","protected":false},"author":1,"featured_media":44812,"comment_status":"open","ping_status":"open","sticky":false,"template":"","format":"standard","meta":{"footnotes":""},"categories":[4,37],"tags":[5737,7028],"class_list":["post-44811","post","type-post","status-publish","format-standard","has-post-thumbnail","hentry","category-barra","category-paseo-cultural","tag-agencia-class-fashion-model","tag-mister-colombia-cultura"],"_links":{"self":[{"href":"https:\/\/contraluzcucuta.co\/index.php?rest_route=\/wp\/v2\/posts\/44811","targetHints":{"allow":["GET"]}}],"collection":[{"href":"https:\/\/contraluzcucuta.co\/index.php?rest_route=\/wp\/v2\/posts"}],"about":[{"href":"https:\/\/contraluzcucuta.co\/index.php?rest_route=\/wp\/v2\/types\/post"}],"author":[{"embeddable":true,"href":"https:\/\/contraluzcucuta.co\/index.php?rest_route=\/wp\/v2\/users\/1"}],"replies":[{"embeddable":true,"href":"https:\/\/contraluzcucuta.co\/index.php?rest_route=%2Fwp%2Fv2%2Fcomments&post=44811"}],"version-history":[{"count":1,"href":"https:\/\/contraluzcucuta.co\/index.php?rest_route=\/wp\/v2\/posts\/44811\/revisions"}],"predecessor-version":[{"id":44815,"href":"https:\/\/contraluzcucuta.co\/index.php?rest_route=\/wp\/v2\/posts\/44811\/revisions\/44815"}],"wp:featuredmedia":[{"embeddable":true,"href":"https:\/\/contraluzcucuta.co\/index.php?rest_route=\/wp\/v2\/media\/44812"}],"wp:attachment":[{"href":"https:\/\/contraluzcucuta.co\/index.php?rest_route=%2Fwp%2Fv2%2Fmedia&parent=44811"}],"wp:term":[{"taxonomy":"category","embeddable":true,"href":"https:\/\/contraluzcucuta.co\/index.php?rest_route=%2Fwp%2Fv2%2Fcategories&post=44811"},{"taxonomy":"post_tag","embeddable":true,"href":"https:\/\/contraluzcucuta.co\/index.php?rest_route=%2Fwp%2Fv2%2Ftags&post=44811"}],"curies":[{"name":"wp","href":"https:\/\/api.w.org\/{rel}","templated":true}]}}