{"id":44790,"date":"2025-06-27T07:20:32","date_gmt":"2025-06-27T12:20:32","guid":{"rendered":"https:\/\/contraluzcucuta.co\/?p=44790"},"modified":"2025-06-27T07:20:32","modified_gmt":"2025-06-27T12:20:32","slug":"pilares-de-la-productividad-industrializacion-asociatividad-y-conocimiento","status":"publish","type":"post","link":"https:\/\/contraluzcucuta.co\/?p=44790","title":{"rendered":"PILARES DE LA PRODUCTIVIDAD. Industrializaci\u00f3n, asociatividad y conocimiento"},"content":{"rendered":"<p style=\"text-align: right;\"><strong>\u200b\u200bOCA\u00d1A &#8211; Norte de Santander.<\/strong><\/p>\n<p><strong><span style=\"color: #ff9900;\">En la Plaza de Ferias de Oca\u00f1a (Norte de Santander) el Gobierno entreg\u00f3 maquinaria e insumos agr\u00edcolas por m\u00e1s de $ 20.500 millones. El presidente Gustavo Petro afirm\u00f3 que los tres pilares para impulsar la productividad en la regi\u00f3n de El Catatumbo son la industrializaci\u00f3n, la asociatividad y el conocimiento.<\/span><\/strong><\/p>\n<figure id=\"attachment_44791\" aria-describedby=\"caption-attachment-44791\" style=\"width: 300px\" class=\"wp-caption aligncenter\"><a href=\"https:\/\/contraluzcucuta.co\/wp-content\/uploads\/2025\/06\/PRESIDENTE-OCANA-1.jpg\"><img loading=\"lazy\" decoding=\"async\" class=\"size-medium wp-image-44791\" src=\"https:\/\/contraluzcucuta.co\/wp-content\/uploads\/2025\/06\/PRESIDENTE-OCANA-1-300x169.jpg\" alt=\"\" width=\"300\" height=\"169\" srcset=\"https:\/\/contraluzcucuta.co\/wp-content\/uploads\/2025\/06\/PRESIDENTE-OCANA-1-300x169.jpg 300w, https:\/\/contraluzcucuta.co\/wp-content\/uploads\/2025\/06\/PRESIDENTE-OCANA-1-600x338.jpg 600w, https:\/\/contraluzcucuta.co\/wp-content\/uploads\/2025\/06\/PRESIDENTE-OCANA-1-1024x576.jpg 1024w, https:\/\/contraluzcucuta.co\/wp-content\/uploads\/2025\/06\/PRESIDENTE-OCANA-1-768x432.jpg 768w, https:\/\/contraluzcucuta.co\/wp-content\/uploads\/2025\/06\/PRESIDENTE-OCANA-1.jpg 1280w\" sizes=\"auto, (max-width: 300px) 100vw, 300px\" \/><\/a><figcaption id=\"caption-attachment-44791\" class=\"wp-caption-text\">\u00a0<\/figcaption><\/figure>\n<p>Recalc\u00f3 que para cumplir con esos pilares es fundamental sostener y potenciar la buena relaci\u00f3n que existe con el campesinado de la regi\u00f3n. Destac\u00f3 que m\u00e1s de 10.000 campesinos que cultivaban hoja de coca se inscribieron en los programas para dar el paso a las econom\u00edas l\u00edcitas.<\/p>\n<p>\u201cEntre m\u00e1s disminuyan los cultivos de hoja de coca m\u00e1s paz habr\u00e1 en la regi\u00f3n\u201d, resalt\u00f3.<\/p>\n<p>Para impulsar la productividad se requiere de la infraestructura adecuada. Se refiri\u00f3 a la necesidad de contar con una carretera que le permita al campesinado sacar sus productos. \u201cLa venta de la producci\u00f3n necesita la carretera (Oca\u00f1a-Gamarra) y todav\u00eda estamos retardados\u201d.<\/p>\n<p>Se refiri\u00f3 al impacto positivo que tendr\u00e1 la v\u00eda para el sector cebollero de la regi\u00f3n. \u201cSi queremos vender cebolla, pues eso toca ponerla en un cami\u00f3n, en una carretera, ojal\u00e1 en una tractomula, ojal\u00e1 alg\u00fan d\u00eda en un tren, y que la regi\u00f3n sea cebollera al m\u00e1ximo\u201d.<\/p>\n<p>En relaci\u00f3n con la asociatividad tambi\u00e9n hizo referencia al potencial de las organizaciones campesinas en El Catatumbo. \u201cHay una alta organizaci\u00f3n social en El Catatumbo y eso hay que aprovecharlo\u201d.<\/p>\n<p>En materia de conocimiento, el presidente Petro trajo a colaci\u00f3n el proyecto de la Universidad del Catatumbo, que recibir\u00e1 a m\u00e1s de 1500 estudiantes de la regi\u00f3n, y a la necesidad de construir m\u00e1s aulas para la formaci\u00f3n de los j\u00f3venes catatumberos.<\/p>\n<p>\u201cY el tercer factor es la industrializaci\u00f3n, o sea, las m\u00e1quinas. Tenemos asociatividad, industrializaci\u00f3n, conocimiento, y son los tres pilares de la productividad. Si eso fluye en la regi\u00f3n, estamos salvados\u201d, enfatiz\u00f3.<\/p>\n","protected":false},"excerpt":{"rendered":"<p>\u200b\u200bOCA\u00d1A &#8211; Norte de Santander. En la Plaza de Ferias de Oca\u00f1a (Norte de Santander) el Gobierno entreg\u00f3 maquinaria e insumos agr\u00edcolas por m\u00e1s de $ 20.500 millones. El presidente Gustavo Petro afirm\u00f3 que los tres pilares para impulsar la productividad en la regi\u00f3n de El Catatumbo son la industrializaci\u00f3n, la asociatividad y el conocimiento. &hellip;<\/p>\n","protected":false},"author":1,"featured_media":44792,"comment_status":"open","ping_status":"open","sticky":false,"template":"","format":"standard","meta":{"footnotes":""},"categories":[45,4],"tags":[265,404,7025,5517],"class_list":["post-44790","post","type-post","status-publish","format-standard","has-post-thumbnail","hentry","category-destacado","category-barra","tag-catatumbo","tag-ocana","tag-plaza-de-ferias-de-ocana","tag-presidente-petro"],"_links":{"self":[{"href":"https:\/\/contraluzcucuta.co\/index.php?rest_route=\/wp\/v2\/posts\/44790","targetHints":{"allow":["GET"]}}],"collection":[{"href":"https:\/\/contraluzcucuta.co\/index.php?rest_route=\/wp\/v2\/posts"}],"about":[{"href":"https:\/\/contraluzcucuta.co\/index.php?rest_route=\/wp\/v2\/types\/post"}],"author":[{"embeddable":true,"href":"https:\/\/contraluzcucuta.co\/index.php?rest_route=\/wp\/v2\/users\/1"}],"replies":[{"embeddable":true,"href":"https:\/\/contraluzcucuta.co\/index.php?rest_route=%2Fwp%2Fv2%2Fcomments&post=44790"}],"version-history":[{"count":1,"href":"https:\/\/contraluzcucuta.co\/index.php?rest_route=\/wp\/v2\/posts\/44790\/revisions"}],"predecessor-version":[{"id":44794,"href":"https:\/\/contraluzcucuta.co\/index.php?rest_route=\/wp\/v2\/posts\/44790\/revisions\/44794"}],"wp:featuredmedia":[{"embeddable":true,"href":"https:\/\/contraluzcucuta.co\/index.php?rest_route=\/wp\/v2\/media\/44792"}],"wp:attachment":[{"href":"https:\/\/contraluzcucuta.co\/index.php?rest_route=%2Fwp%2Fv2%2Fmedia&parent=44790"}],"wp:term":[{"taxonomy":"category","embeddable":true,"href":"https:\/\/contraluzcucuta.co\/index.php?rest_route=%2Fwp%2Fv2%2Fcategories&post=44790"},{"taxonomy":"post_tag","embeddable":true,"href":"https:\/\/contraluzcucuta.co\/index.php?rest_route=%2Fwp%2Fv2%2Ftags&post=44790"}],"curies":[{"name":"wp","href":"https:\/\/api.w.org\/{rel}","templated":true}]}}