{"id":44779,"date":"2025-06-26T15:24:46","date_gmt":"2025-06-26T20:24:46","guid":{"rendered":"https:\/\/contraluzcucuta.co\/?p=44779"},"modified":"2025-06-26T15:24:46","modified_gmt":"2025-06-26T20:24:46","slug":"cronoescalada-movistar-el-desafio-es-el-alto-la-cuchilla","status":"publish","type":"post","link":"https:\/\/contraluzcucuta.co\/?p=44779","title":{"rendered":"CRONOESCALADA MOVISTAR. El desaf\u00edo es el Alto La Cuchilla"},"content":{"rendered":"<p style=\"text-align: right;\"><strong>C\u00daCUTA.<\/strong><\/p>\n<p><strong><span style=\"color: #ff9900;\">Por primera vez, C\u00facuta ser\u00e1 escenario de la Cronoescalada Movistar. La competencia cicl\u00edstica, que se correr\u00e1 el 13 de julio, promete entregar una experiencia tipo Gran Fondo para hasta 500 participantes. La cita ser\u00e1 en el alto ic\u00f3nico de La Cuchilla, con recorrido de 70 kil\u00f3metros y ascenso acumulado de 1700 metros, acompa\u00f1ado de puntos de abastecimiento, soporte t\u00e9cnico, premiaci\u00f3n y sorpresas para los participantes al finalizar la ruta.<\/span><\/strong><\/p>\n<figure id=\"attachment_44781\" aria-describedby=\"caption-attachment-44781\" style=\"width: 300px\" class=\"wp-caption alignleft\"><a href=\"https:\/\/contraluzcucuta.co\/wp-content\/uploads\/2025\/06\/CICLISMO-MOVISTAR-3A.jpg\"><img loading=\"lazy\" decoding=\"async\" class=\"size-medium wp-image-44781\" src=\"https:\/\/contraluzcucuta.co\/wp-content\/uploads\/2025\/06\/CICLISMO-MOVISTAR-3A-300x227.jpg\" alt=\"\" width=\"300\" height=\"227\" srcset=\"https:\/\/contraluzcucuta.co\/wp-content\/uploads\/2025\/06\/CICLISMO-MOVISTAR-3A-300x227.jpg 300w, https:\/\/contraluzcucuta.co\/wp-content\/uploads\/2025\/06\/CICLISMO-MOVISTAR-3A-600x453.jpg 600w, https:\/\/contraluzcucuta.co\/wp-content\/uploads\/2025\/06\/CICLISMO-MOVISTAR-3A-768x580.jpg 768w, https:\/\/contraluzcucuta.co\/wp-content\/uploads\/2025\/06\/CICLISMO-MOVISTAR-3A.jpg 790w\" sizes=\"auto, (max-width: 300px) 100vw, 300px\" \/><\/a><figcaption id=\"caption-attachment-44781\" class=\"wp-caption-text\"><em>Fotos: Prensa Regional Oriente de Movistar Colombia.<\/em><\/figcaption><\/figure>\n<p>La carrera contempla dos modalidades, con categor\u00edas masculina y femenina.<\/p>\n<ul>\n<li>Los participantes se dividir\u00e1n por grupos de edad (18-30, 30-40 y 50+)<\/li>\n<li>Se manejar\u00e1 una categor\u00eda \u00fanica por g\u00e9nero.<\/li>\n<\/ul>\n<p>Las inscripciones estar\u00e1n abiertas hasta el 30 de junio, el valor ser\u00e1 de $ 200.000 y 10 % de descuento para clientes Movistar Total y colaboradores. Para asegurar la validaci\u00f3n digital de los tiempos, los ciclistas deber\u00e1n tener cuenta Strava p\u00fablica activa durante el evento.<\/p>\n<p>La jornada iniciar\u00e1, el 12 de julio, con la entrega de kits, entre las 2:00 y 6:00 de la tarde, en la tienda Ra\u00fal Saavedra. La competencia comenzar\u00e1 el domingo, a las 5:30 de la ma\u00f1ana. Saliendo de la glorieta Km 8, asciende hasta Durania y retorna al punto de partida.<\/p>\n<p>El cierre se llevar\u00e1 a cabo en el parque principal de Durania, donde se entregar\u00e1n medallas, se har\u00e1 la premiaci\u00f3n y se sortear\u00e1n rifas entre los asistentes para luego regresar al punto de salida en C\u00facuta.<\/p>\n<p style=\"text-align: center;\"><a href=\"https:\/\/contraluzcucuta.co\/wp-content\/uploads\/2025\/06\/CICLISMO-MOVISTAR-1A.jpg\"><img loading=\"lazy\" decoding=\"async\" class=\"alignnone size-medium wp-image-44782\" src=\"https:\/\/contraluzcucuta.co\/wp-content\/uploads\/2025\/06\/CICLISMO-MOVISTAR-1A-200x300.jpg\" alt=\"\" width=\"200\" height=\"300\" srcset=\"https:\/\/contraluzcucuta.co\/wp-content\/uploads\/2025\/06\/CICLISMO-MOVISTAR-1A-200x300.jpg 200w, https:\/\/contraluzcucuta.co\/wp-content\/uploads\/2025\/06\/CICLISMO-MOVISTAR-1A-600x900.jpg 600w, https:\/\/contraluzcucuta.co\/wp-content\/uploads\/2025\/06\/CICLISMO-MOVISTAR-1A-683x1024.jpg 683w, https:\/\/contraluzcucuta.co\/wp-content\/uploads\/2025\/06\/CICLISMO-MOVISTAR-1A-768x1152.jpg 768w, https:\/\/contraluzcucuta.co\/wp-content\/uploads\/2025\/06\/CICLISMO-MOVISTAR-1A.jpg 800w\" sizes=\"auto, (max-width: 200px) 100vw, 200px\" \/><\/a> <a href=\"https:\/\/contraluzcucuta.co\/wp-content\/uploads\/2025\/06\/CICLISMO-MOVISTAR-2A.jpg\"><img loading=\"lazy\" decoding=\"async\" class=\"alignnone size-medium wp-image-44783\" src=\"https:\/\/contraluzcucuta.co\/wp-content\/uploads\/2025\/06\/CICLISMO-MOVISTAR-2A-200x300.jpg\" alt=\"\" width=\"200\" height=\"300\" srcset=\"https:\/\/contraluzcucuta.co\/wp-content\/uploads\/2025\/06\/CICLISMO-MOVISTAR-2A-200x300.jpg 200w, https:\/\/contraluzcucuta.co\/wp-content\/uploads\/2025\/06\/CICLISMO-MOVISTAR-2A-600x900.jpg 600w, https:\/\/contraluzcucuta.co\/wp-content\/uploads\/2025\/06\/CICLISMO-MOVISTAR-2A-683x1024.jpg 683w, https:\/\/contraluzcucuta.co\/wp-content\/uploads\/2025\/06\/CICLISMO-MOVISTAR-2A-768x1152.jpg 768w, https:\/\/contraluzcucuta.co\/wp-content\/uploads\/2025\/06\/CICLISMO-MOVISTAR-2A.jpg 800w\" sizes=\"auto, (max-width: 200px) 100vw, 200px\" \/><\/a><\/p>\n<p>\u201cLa Cronoescalada Movistar es una oportunidad para conectar con las comunidades de nuestra regi\u00f3n por medio del deporte, la disciplina y el trabajo en equipo\u201d, dijo Claudia Gandur, gerente Regional Oriente de Movistar Colombia.<\/p>\n<p>El objetivo es que la primera edici\u00f3n en C\u00facuta sea recordada como una experiencia que inspire, rete y reconozca el esfuerzo de los que se animen a conquistar La Cuchilla. La Compa\u00f1\u00eda est\u00e1 convencida de los valores que representa el ciclismo y c\u00f3mo se complementa con el prop\u00f3sito de conectar la vida de las personas. As\u00ed llevar\u00e1 este deporte a m\u00e1s ciudades del pa\u00eds.<\/p>\n","protected":false},"excerpt":{"rendered":"<p>C\u00daCUTA. Por primera vez, C\u00facuta ser\u00e1 escenario de la Cronoescalada Movistar. La competencia cicl\u00edstica, que se correr\u00e1 el 13 de julio, promete entregar una experiencia tipo Gran Fondo para hasta 500 participantes. La cita ser\u00e1 en el alto ic\u00f3nico de La Cuchilla, con recorrido de 70 kil\u00f3metros y ascenso acumulado de 1700 metros, acompa\u00f1ado de &hellip;<\/p>\n","protected":false},"author":1,"featured_media":44780,"comment_status":"open","ping_status":"open","sticky":false,"template":"","format":"standard","meta":{"footnotes":""},"categories":[4,28],"tags":[7024,7023,50],"class_list":["post-44779","post","type-post","status-publish","format-standard","has-post-thumbnail","hentry","category-barra","category-vistazo-deportivo","tag-alto-de-la-cuchilla","tag-cronoescalada-movistar","tag-durania"],"_links":{"self":[{"href":"https:\/\/contraluzcucuta.co\/index.php?rest_route=\/wp\/v2\/posts\/44779","targetHints":{"allow":["GET"]}}],"collection":[{"href":"https:\/\/contraluzcucuta.co\/index.php?rest_route=\/wp\/v2\/posts"}],"about":[{"href":"https:\/\/contraluzcucuta.co\/index.php?rest_route=\/wp\/v2\/types\/post"}],"author":[{"embeddable":true,"href":"https:\/\/contraluzcucuta.co\/index.php?rest_route=\/wp\/v2\/users\/1"}],"replies":[{"embeddable":true,"href":"https:\/\/contraluzcucuta.co\/index.php?rest_route=%2Fwp%2Fv2%2Fcomments&post=44779"}],"version-history":[{"count":1,"href":"https:\/\/contraluzcucuta.co\/index.php?rest_route=\/wp\/v2\/posts\/44779\/revisions"}],"predecessor-version":[{"id":44784,"href":"https:\/\/contraluzcucuta.co\/index.php?rest_route=\/wp\/v2\/posts\/44779\/revisions\/44784"}],"wp:featuredmedia":[{"embeddable":true,"href":"https:\/\/contraluzcucuta.co\/index.php?rest_route=\/wp\/v2\/media\/44780"}],"wp:attachment":[{"href":"https:\/\/contraluzcucuta.co\/index.php?rest_route=%2Fwp%2Fv2%2Fmedia&parent=44779"}],"wp:term":[{"taxonomy":"category","embeddable":true,"href":"https:\/\/contraluzcucuta.co\/index.php?rest_route=%2Fwp%2Fv2%2Fcategories&post=44779"},{"taxonomy":"post_tag","embeddable":true,"href":"https:\/\/contraluzcucuta.co\/index.php?rest_route=%2Fwp%2Fv2%2Ftags&post=44779"}],"curies":[{"name":"wp","href":"https:\/\/api.w.org\/{rel}","templated":true}]}}