{"id":44759,"date":"2025-06-22T17:12:29","date_gmt":"2025-06-22T22:12:29","guid":{"rendered":"https:\/\/contraluzcucuta.co\/?p=44759"},"modified":"2025-06-22T17:12:29","modified_gmt":"2025-06-22T22:12:29","slug":"cucuta-exporta-abren-ventana-para-enviar-productos-a-estados-unidos","status":"publish","type":"post","link":"https:\/\/contraluzcucuta.co\/?p=44759","title":{"rendered":"C\u00daCUTA EXPORTA. Abren ventana para enviar productos a estados unidos"},"content":{"rendered":"<p style=\"text-align: right;\"><strong>C\u00daCUTA.<\/strong><\/p>\n<p><strong><span style=\"color: #ff9900;\">El programa &#8216;C\u00facuta Exporta&#8217; ser\u00e1 la carta que el alcalde Jorge Acevedo se jugar\u00e1 por los empresarios locales. Log\u00edstic Academy of Miami les brindar\u00e1 formaci\u00f3n, acompa\u00f1amiento y acceso a mercados internacionales. El programa es la estrategia ambiciosa que busca preparar a emprendedores, micro y medianos empresarios, para que exporten los productos a Estados Unidos y a otros mercados internacionales.<\/span><\/strong><\/p>\n<p>\u201cEsta alianza permitir\u00e1 brindar formaci\u00f3n especializada, asesor\u00eda t\u00e9cnica y acompa\u00f1amiento integral para que los cucute\u00f1os aprendan a exportar y a mejorar productos y procesos&#8221;, dijo Acevedo.<\/p>\n<p>Primer paso. Inscripci\u00f3n en la capacitaci\u00f3n virtual gratuita sobre c\u00f3mo exportar. Estar\u00e1 abierta mediante convocatorias del Banco del Progreso.<\/p>\n<p>Segundo paso. Los participantes tendr\u00e1n la oportunidad de vincularse a la rueda de negocios internacional, 26 y 27 de octubre, con presencia de 15 compradores estadounidenses y la participaci\u00f3n de 500 empresarios cucute\u00f1os.<\/p>\n<p>\u201cIncluso, si un cucute\u00f1o tiene una idea de negocio, puede comenzar este proceso. Lo acompa\u00f1aremos para que, a mediano plazo, est\u00e9 en condiciones de vender los productos a Estados Unidos\u201d, afirm\u00f3 Jorge Acevedo.<\/p>\n<p>Luis Javier Ch\u00e1vez, jefe de la oficina de Emprendimientos y Acceso al Cr\u00e9dito Banco del Progreso, reiter\u00f3 que &#8220;el curso ser\u00e1 ciento por ciento virtual y gratuito, para garantizar el acceso amplio a quienes deseen participar&#8221;.<\/p>\n<p>El representante de Log\u00edstic Academy of Miami, Rub\u00e9n Dar\u00edo Mosquera, se reuni\u00f3 con empresarios de la moda, el calzado y otros, con el fin de orientar los primeros pasos hacia la internacionalizaci\u00f3n.<\/p>\n<p>Desde la C\u00e1mara de Comercio de C\u00facuta se destac\u00f3 la importancia de estas iniciativas para el desarrollo econ\u00f3mico local. &#8220;Estos ejercicios de fortalecimiento del microempresariado son indispensables para el desarrollo de la ciudad\u201d, se\u00f1al\u00f3 Diego G\u00f3mez, jefe de Competitividad de la C\u00e1mara de Comercio.<\/p>\n","protected":false},"excerpt":{"rendered":"<p>C\u00daCUTA. El programa &#8216;C\u00facuta Exporta&#8217; ser\u00e1 la carta que el alcalde Jorge Acevedo se jugar\u00e1 por los empresarios locales. Log\u00edstic Academy of Miami les brindar\u00e1 formaci\u00f3n, acompa\u00f1amiento y acceso a mercados internacionales. El programa es la estrategia ambiciosa que busca preparar a emprendedores, micro y medianos empresarios, para que exporten los productos a Estados Unidos &hellip;<\/p>\n","protected":false},"author":1,"featured_media":44760,"comment_status":"open","ping_status":"open","sticky":false,"template":"","format":"standard","meta":{"footnotes":""},"categories":[2625,4],"tags":[5950,6400,375,7019],"class_list":["post-44759","post","type-post","status-publish","format-standard","has-post-thumbnail","hentry","category-alcaldia-de-cucuta","category-barra","tag-alcalde-jorge-acevedo","tag-banco-del-progreso-de-cucuta","tag-camara-de-comercio-de-cucuta","tag-logistic-academy-of-miami"],"_links":{"self":[{"href":"https:\/\/contraluzcucuta.co\/index.php?rest_route=\/wp\/v2\/posts\/44759","targetHints":{"allow":["GET"]}}],"collection":[{"href":"https:\/\/contraluzcucuta.co\/index.php?rest_route=\/wp\/v2\/posts"}],"about":[{"href":"https:\/\/contraluzcucuta.co\/index.php?rest_route=\/wp\/v2\/types\/post"}],"author":[{"embeddable":true,"href":"https:\/\/contraluzcucuta.co\/index.php?rest_route=\/wp\/v2\/users\/1"}],"replies":[{"embeddable":true,"href":"https:\/\/contraluzcucuta.co\/index.php?rest_route=%2Fwp%2Fv2%2Fcomments&post=44759"}],"version-history":[{"count":1,"href":"https:\/\/contraluzcucuta.co\/index.php?rest_route=\/wp\/v2\/posts\/44759\/revisions"}],"predecessor-version":[{"id":44761,"href":"https:\/\/contraluzcucuta.co\/index.php?rest_route=\/wp\/v2\/posts\/44759\/revisions\/44761"}],"wp:featuredmedia":[{"embeddable":true,"href":"https:\/\/contraluzcucuta.co\/index.php?rest_route=\/wp\/v2\/media\/44760"}],"wp:attachment":[{"href":"https:\/\/contraluzcucuta.co\/index.php?rest_route=%2Fwp%2Fv2%2Fmedia&parent=44759"}],"wp:term":[{"taxonomy":"category","embeddable":true,"href":"https:\/\/contraluzcucuta.co\/index.php?rest_route=%2Fwp%2Fv2%2Fcategories&post=44759"},{"taxonomy":"post_tag","embeddable":true,"href":"https:\/\/contraluzcucuta.co\/index.php?rest_route=%2Fwp%2Fv2%2Ftags&post=44759"}],"curies":[{"name":"wp","href":"https:\/\/api.w.org\/{rel}","templated":true}]}}