{"id":44751,"date":"2025-06-22T16:01:32","date_gmt":"2025-06-22T21:01:32","guid":{"rendered":"https:\/\/contraluzcucuta.co\/?p=44751"},"modified":"2025-06-22T16:01:32","modified_gmt":"2025-06-22T21:01:32","slug":"mercaton-corpus-christi-compartiendo-con-el-necesitado","status":"publish","type":"post","link":"https:\/\/contraluzcucuta.co\/?p=44751","title":{"rendered":"MERCAT\u00d3N. Corpus Christi: Compartiendo con el necesitado"},"content":{"rendered":"<p style=\"text-align: right;\"><strong>C\u00daCUTA.<\/strong><\/p>\n<p><strong><span style=\"color: #ff9900;\">La Di\u00f3cesis de C\u00facuta llev\u00f3 a cabo, el 19 de junio, la decimosexta edici\u00f3n de la tradicional Mercat\u00f3n. La jornada est\u00e1 dedicada a la recolecci\u00f3n de alimentos y v\u00edveres para asistir a las familias vulnerables de la regi\u00f3n. La actividad concluy\u00f3 con la participaci\u00f3n de la comunidad, movimientos apost\u00f3licos, instituciones y comerciantes.<\/span><\/strong><\/p>\n<p><a href=\"https:\/\/contraluzcucuta.co\/wp-content\/uploads\/2025\/06\/JUEVES-DE-CORPUS-2.jpg\"><img loading=\"lazy\" decoding=\"async\" class=\"alignnone  wp-image-44753 alignleft\" src=\"https:\/\/contraluzcucuta.co\/wp-content\/uploads\/2025\/06\/JUEVES-DE-CORPUS-2-300x200.jpg\" alt=\"\" width=\"248\" height=\"165\" srcset=\"https:\/\/contraluzcucuta.co\/wp-content\/uploads\/2025\/06\/JUEVES-DE-CORPUS-2-300x200.jpg 300w, https:\/\/contraluzcucuta.co\/wp-content\/uploads\/2025\/06\/JUEVES-DE-CORPUS-2-310x205.jpg 310w, https:\/\/contraluzcucuta.co\/wp-content\/uploads\/2025\/06\/JUEVES-DE-CORPUS-2.jpg 600w\" sizes=\"auto, (max-width: 248px) 100vw, 248px\" \/><\/a><\/p>\n<p>La celebraci\u00f3n comenz\u00f3, a las 10:00 de la ma\u00f1ana, en la Catedral de San Jos\u00e9 con la Santa Misa, en la solemnidad del Corpus Christi, presidida por el arzobispo em\u00e9rito de Villavicencio, monse\u00f1or \u00d3scar Urbina Ortega. En la homil\u00eda destac\u00f3 la importancia de la caridad y el compromiso social como pilares de la fe, y agradeci\u00f3 la generosidad de los participantes.<\/p>\n<p>Durante el d\u00eda, se recibieron donaciones de az\u00facar, granos, arroz, aceite, chocolate, caf\u00e9, sal, harinas, panela y enlatados, entre otros alimentos. La campa\u00f1a se extendi\u00f3 a las parroquias de la Di\u00f3cesis hasta el 22 de junio, para permitir m\u00e1s creyentes se sumaran a la causa.<\/p>\n<p>El presb\u00edtero Carlos Escalante, director de la Fundaci\u00f3n Banco de Alimentos de la Di\u00f3cesis de C\u00facuta, indic\u00f3 que \u201ccon esto contribuimos a trabajar por los necesitados y vulnerables de la ciudad, el \u00c1rea Metropolitana y la regi\u00f3n. As\u00ed que juntos sigamos trabajando por una regi\u00f3n sin hambre\u201d.<\/p>\n<p>La Mercat\u00f3n reafirm\u00f3 el compromiso continuo de la Di\u00f3cesis de C\u00facuta para vivir la caridad de Cristo con la asistencia social y el bienestar de los desfavorecidos, y consolidar lazos de hermandad y ayuda mutua en la comunidad nortesantandereana.<\/p>\n","protected":false},"excerpt":{"rendered":"<p>C\u00daCUTA. La Di\u00f3cesis de C\u00facuta llev\u00f3 a cabo, el 19 de junio, la decimosexta edici\u00f3n de la tradicional Mercat\u00f3n. La jornada est\u00e1 dedicada a la recolecci\u00f3n de alimentos y v\u00edveres para asistir a las familias vulnerables de la regi\u00f3n. La actividad concluy\u00f3 con la participaci\u00f3n de la comunidad, movimientos apost\u00f3licos, instituciones y comerciantes. La celebraci\u00f3n &hellip;<\/p>\n","protected":false},"author":1,"featured_media":44752,"comment_status":"open","ping_status":"open","sticky":false,"template":"","format":"standard","meta":{"footnotes":""},"categories":[4,36],"tags":[5147,1547,7014,8,7015],"class_list":["post-44751","post","type-post","status-publish","format-standard","has-post-thumbnail","hentry","category-barra","category-la-voz-del-pueblo","tag-banco-de-alimentos","tag-catedral-de-san-jose","tag-corpus-christi","tag-diocesis-de-cucuta","tag-monsenor-oscar-urbina-ortega"],"_links":{"self":[{"href":"https:\/\/contraluzcucuta.co\/index.php?rest_route=\/wp\/v2\/posts\/44751","targetHints":{"allow":["GET"]}}],"collection":[{"href":"https:\/\/contraluzcucuta.co\/index.php?rest_route=\/wp\/v2\/posts"}],"about":[{"href":"https:\/\/contraluzcucuta.co\/index.php?rest_route=\/wp\/v2\/types\/post"}],"author":[{"embeddable":true,"href":"https:\/\/contraluzcucuta.co\/index.php?rest_route=\/wp\/v2\/users\/1"}],"replies":[{"embeddable":true,"href":"https:\/\/contraluzcucuta.co\/index.php?rest_route=%2Fwp%2Fv2%2Fcomments&post=44751"}],"version-history":[{"count":1,"href":"https:\/\/contraluzcucuta.co\/index.php?rest_route=\/wp\/v2\/posts\/44751\/revisions"}],"predecessor-version":[{"id":44754,"href":"https:\/\/contraluzcucuta.co\/index.php?rest_route=\/wp\/v2\/posts\/44751\/revisions\/44754"}],"wp:featuredmedia":[{"embeddable":true,"href":"https:\/\/contraluzcucuta.co\/index.php?rest_route=\/wp\/v2\/media\/44752"}],"wp:attachment":[{"href":"https:\/\/contraluzcucuta.co\/index.php?rest_route=%2Fwp%2Fv2%2Fmedia&parent=44751"}],"wp:term":[{"taxonomy":"category","embeddable":true,"href":"https:\/\/contraluzcucuta.co\/index.php?rest_route=%2Fwp%2Fv2%2Fcategories&post=44751"},{"taxonomy":"post_tag","embeddable":true,"href":"https:\/\/contraluzcucuta.co\/index.php?rest_route=%2Fwp%2Fv2%2Ftags&post=44751"}],"curies":[{"name":"wp","href":"https:\/\/api.w.org\/{rel}","templated":true}]}}