{"id":44644,"date":"2025-06-08T11:06:33","date_gmt":"2025-06-08T16:06:33","guid":{"rendered":"https:\/\/contraluzcucuta.co\/?p=44644"},"modified":"2025-06-08T11:06:33","modified_gmt":"2025-06-08T16:06:33","slug":"medalla-jose-eusebio-caro-gobernacion-exalto-la-labor-de-directivos-y-docentes","status":"publish","type":"post","link":"https:\/\/contraluzcucuta.co\/?p=44644","title":{"rendered":"MEDALLA JOS\u00c9 EUSEBIO CARO. Gobernaci\u00f3n exalt\u00f3 la labor de directivos y docentes"},"content":{"rendered":"<p style=\"text-align: right;\"><strong>C\u00daCUTA.<\/strong><\/p>\n<p><strong><span style=\"color: #ff9900;\">Cuarentaid\u00f3s maestros y seis directivos docentes de Norte de Santander fueron exaltados por la Gobernaci\u00f3n, en reconocimiento del servicio, m\u00e9rito y participaci\u00f3n en los procesos de formaci\u00f3n de 145.000 estudiantes en el departamento. El gobernador William Villamizar Laguado y la secretaria de educaci\u00f3n Laura C\u00e1ceres Ni\u00f1o resaltaron los esfuerzos que a diario hacen los educadores para ofrecer ense\u00f1anza de calidad.<\/span><\/strong><\/p>\n<p><a href=\"https:\/\/contraluzcucuta.co\/wp-content\/uploads\/2025\/06\/GOBERNACION-MEDALLAS-2A.jpg\"><img loading=\"lazy\" decoding=\"async\" class=\"alignnone  wp-image-44646 alignright\" src=\"https:\/\/contraluzcucuta.co\/wp-content\/uploads\/2025\/06\/GOBERNACION-MEDALLAS-2A-300x200.jpg\" alt=\"\" width=\"242\" height=\"161\" srcset=\"https:\/\/contraluzcucuta.co\/wp-content\/uploads\/2025\/06\/GOBERNACION-MEDALLAS-2A-300x200.jpg 300w, https:\/\/contraluzcucuta.co\/wp-content\/uploads\/2025\/06\/GOBERNACION-MEDALLAS-2A-600x400.jpg 600w, https:\/\/contraluzcucuta.co\/wp-content\/uploads\/2025\/06\/GOBERNACION-MEDALLAS-2A-1024x683.jpg 1024w, https:\/\/contraluzcucuta.co\/wp-content\/uploads\/2025\/06\/GOBERNACION-MEDALLAS-2A-768x512.jpg 768w, https:\/\/contraluzcucuta.co\/wp-content\/uploads\/2025\/06\/GOBERNACION-MEDALLAS-2A-310x205.jpg 310w, https:\/\/contraluzcucuta.co\/wp-content\/uploads\/2025\/06\/GOBERNACION-MEDALLAS-2A.jpg 1152w\" sizes=\"auto, (max-width: 242px) 100vw, 242px\" \/><\/a><\/p>\n<p>Cinco educadores recibieron la medalla Jos\u00e9 Eusebio Caro, en grado extraordinario. Estos formadores de ni\u00f1os y j\u00f3venes han destacado por los m\u00e9ritos acad\u00e9micos, en investigaciones educativas, experiencias exitosas e innovaciones pedag\u00f3gicas.<\/p>\n<p>Los condecorados son:<\/p>\n<ul>\n<li>Nicol Ximena Pe\u00f1a Moreno, I.E. Gilberto Claro Lozano, de La Playa de Bel\u00e9n.<\/li>\n<li>Diego Alejandro Mart\u00ednez Beltr\u00e1n. I.E. Jos\u00e9 Mar\u00eda C\u00f3rdoba, de Durania<\/li>\n<li>Carlos Hernando Garc\u00eda Fonseca. I.E. Carlos Julio Torrado Pe\u00f1aranda, de \u00c1brego<\/li>\n<li>Doralba Gamboa Moreno. E. La Carrera, de C\u00e1chira<\/li>\n<li>Jos\u00e9 Efr\u00e9n Ni\u00f1o Pe\u00f1aranda. I.E. Patio Centro No.2, de Los Patios<\/li>\n<\/ul>\n<p>&nbsp;<\/p>\n<p><a href=\"https:\/\/contraluzcucuta.co\/wp-content\/uploads\/2025\/06\/GOBERNACION-MEDALLA-3A.jpg\"><img loading=\"lazy\" decoding=\"async\" class=\"alignnone  wp-image-44648 alignleft\" src=\"https:\/\/contraluzcucuta.co\/wp-content\/uploads\/2025\/06\/GOBERNACION-MEDALLA-3A-300x200.jpg\" alt=\"\" width=\"254\" height=\"169\" srcset=\"https:\/\/contraluzcucuta.co\/wp-content\/uploads\/2025\/06\/GOBERNACION-MEDALLA-3A-300x200.jpg 300w, https:\/\/contraluzcucuta.co\/wp-content\/uploads\/2025\/06\/GOBERNACION-MEDALLA-3A-600x400.jpg 600w, https:\/\/contraluzcucuta.co\/wp-content\/uploads\/2025\/06\/GOBERNACION-MEDALLA-3A-1024x683.jpg 1024w, https:\/\/contraluzcucuta.co\/wp-content\/uploads\/2025\/06\/GOBERNACION-MEDALLA-3A-768x512.jpg 768w, https:\/\/contraluzcucuta.co\/wp-content\/uploads\/2025\/06\/GOBERNACION-MEDALLA-3A-310x205.jpg 310w, https:\/\/contraluzcucuta.co\/wp-content\/uploads\/2025\/06\/GOBERNACION-MEDALLA-3A.jpg 1152w\" sizes=\"auto, (max-width: 254px) 100vw, 254px\" \/><\/a><\/p>\n<p>Los directivos exaltados son:<\/p>\n<ul>\n<li>Cristi Liliana Berm\u00fadez Aponte, rectora I.E. Puerto Santander, de Puerto Santander<\/li>\n<li>Juan Carlos Mantilla Delgado, director del Centro Educativo Rural Playas Lindas, de El Carmen<\/li>\n<li>Yolanda Monsalve Lizcano, rectora de la I.E. Francisco Jos\u00e9 de Caldas, de Tib\u00fa<\/li>\n<li>Jos\u00e9 Samuel Garc\u00eda, rector de la I.E. Santiago Ap\u00f3stol, de Santiago<\/li>\n<li>Salom\u00f3n Quintero Velandia, rector de la I.E. Gibraltar, de Toledo<\/li>\n<li>Oscar Fabian Cristancho Fuentes, rector de la I.E. Normal Superior, de Pamplona.<\/li>\n<\/ul>\n<p>Jos\u00e9 Octavio Contreras Mej\u00eda, rector del Colegio Temporal para la Paz, recibi\u00f3 el reconocimiento especial por el trabajo que adelant\u00f3 en medio de la emergencia de El Catatumbo asumi\u00f3 un gran reto.<\/p>\n<p>Los exaltados fueron seleccionados en los 39 municipios, de acuerdo con variables de valoraci\u00f3n y elecci\u00f3n estipuladas en la Circular 82 de 2025.<\/p>\n<p>ANDREA PINTO SIERRA &#8211; @GoberNorte<\/p>\n","protected":false},"excerpt":{"rendered":"<p>C\u00daCUTA. Cuarentaid\u00f3s maestros y seis directivos docentes de Norte de Santander fueron exaltados por la Gobernaci\u00f3n, en reconocimiento del servicio, m\u00e9rito y participaci\u00f3n en los procesos de formaci\u00f3n de 145.000 estudiantes en el departamento. El gobernador William Villamizar Laguado y la secretaria de educaci\u00f3n Laura C\u00e1ceres Ni\u00f1o resaltaron los esfuerzos que a diario hacen los &hellip;<\/p>\n","protected":false},"author":1,"featured_media":44645,"comment_status":"open","ping_status":"open","sticky":false,"template":"","format":"standard","meta":{"footnotes":""},"categories":[4,32],"tags":[2671,2800,6993,6858],"class_list":["post-44644","post","type-post","status-publish","format-standard","has-post-thumbnail","hentry","category-barra","category-recorrido-por-la-region","tag-docentes-de-norte-de-santander","tag-gobernador-william-villamizar","tag-medalla-jose-eusebio-caro","tag-secretaria-de-educacion-departamental"],"_links":{"self":[{"href":"https:\/\/contraluzcucuta.co\/index.php?rest_route=\/wp\/v2\/posts\/44644","targetHints":{"allow":["GET"]}}],"collection":[{"href":"https:\/\/contraluzcucuta.co\/index.php?rest_route=\/wp\/v2\/posts"}],"about":[{"href":"https:\/\/contraluzcucuta.co\/index.php?rest_route=\/wp\/v2\/types\/post"}],"author":[{"embeddable":true,"href":"https:\/\/contraluzcucuta.co\/index.php?rest_route=\/wp\/v2\/users\/1"}],"replies":[{"embeddable":true,"href":"https:\/\/contraluzcucuta.co\/index.php?rest_route=%2Fwp%2Fv2%2Fcomments&post=44644"}],"version-history":[{"count":1,"href":"https:\/\/contraluzcucuta.co\/index.php?rest_route=\/wp\/v2\/posts\/44644\/revisions"}],"predecessor-version":[{"id":44649,"href":"https:\/\/contraluzcucuta.co\/index.php?rest_route=\/wp\/v2\/posts\/44644\/revisions\/44649"}],"wp:featuredmedia":[{"embeddable":true,"href":"https:\/\/contraluzcucuta.co\/index.php?rest_route=\/wp\/v2\/media\/44645"}],"wp:attachment":[{"href":"https:\/\/contraluzcucuta.co\/index.php?rest_route=%2Fwp%2Fv2%2Fmedia&parent=44644"}],"wp:term":[{"taxonomy":"category","embeddable":true,"href":"https:\/\/contraluzcucuta.co\/index.php?rest_route=%2Fwp%2Fv2%2Fcategories&post=44644"},{"taxonomy":"post_tag","embeddable":true,"href":"https:\/\/contraluzcucuta.co\/index.php?rest_route=%2Fwp%2Fv2%2Ftags&post=44644"}],"curies":[{"name":"wp","href":"https:\/\/api.w.org\/{rel}","templated":true}]}}