{"id":44636,"date":"2025-06-01T18:52:33","date_gmt":"2025-06-01T23:52:33","guid":{"rendered":"https:\/\/contraluzcucuta.co\/?p=44636"},"modified":"2025-06-01T18:52:33","modified_gmt":"2025-06-01T23:52:33","slug":"vida-y-obra-de-un-periodista-el-periodismo-deportivo-no-me-ha-quitado-nada-anastasio-ramirez","status":"publish","type":"post","link":"https:\/\/contraluzcucuta.co\/?p=44636","title":{"rendered":"VIDA Y OBRA DE UN PERIODISTA. El periodismo deportivo no me ha quitado nada, Anastasio Ram\u00edrez"},"content":{"rendered":"<p style=\"text-align: right;\"><strong>CUCUTA.<\/strong><\/p>\n<p><strong><span style=\"color: #ff9900;\">Hace muchos a\u00f1os ingres\u00f3 al periodismo. Ha pasado por varios medios de comunicaci\u00f3n hablados de la capital de Norte de Santander. Ese recorrido por emisoras en busca de la noticia y para entrevistar a personajes locales, motiv\u00f3 a la Acord Norte de Santander para reconocerle la vida y obra como periodista deportivo.<\/span><\/strong><\/p>\n<p><a href=\"https:\/\/contraluzcucuta.co\/wp-content\/uploads\/2025\/06\/ANASTASIO-RAMIREZ-1-scaled.jpeg\"><img loading=\"lazy\" decoding=\"async\" class=\"alignnone  wp-image-44637 alignleft\" src=\"https:\/\/contraluzcucuta.co\/wp-content\/uploads\/2025\/06\/ANASTASIO-RAMIREZ-1-300x225.jpeg\" alt=\"\" width=\"248\" height=\"186\" srcset=\"https:\/\/contraluzcucuta.co\/wp-content\/uploads\/2025\/06\/ANASTASIO-RAMIREZ-1-300x225.jpeg 300w, https:\/\/contraluzcucuta.co\/wp-content\/uploads\/2025\/06\/ANASTASIO-RAMIREZ-1-scaled-600x450.jpeg 600w, https:\/\/contraluzcucuta.co\/wp-content\/uploads\/2025\/06\/ANASTASIO-RAMIREZ-1-1024x768.jpeg 1024w, https:\/\/contraluzcucuta.co\/wp-content\/uploads\/2025\/06\/ANASTASIO-RAMIREZ-1-768x576.jpeg 768w, https:\/\/contraluzcucuta.co\/wp-content\/uploads\/2025\/06\/ANASTASIO-RAMIREZ-1-1536x1152.jpeg 1536w, https:\/\/contraluzcucuta.co\/wp-content\/uploads\/2025\/06\/ANASTASIO-RAMIREZ-1-2048x1536.jpeg 2048w\" sizes=\"auto, (max-width: 248px) 100vw, 248px\" \/><\/a><\/p>\n<p>Anastasio Ram\u00edrez Quintero est\u00e1 a punto de entrar a la novena d\u00e9cada de vida. Naci\u00f3 \u201cdebajo de un palo de mango\u201d, cuando El Zulia era corregimiento de C\u00facuta. Luego, la familia se traslad\u00f3 a la ciudad. De ah\u00ed en adelante ha estado vinculado a diferentes oficios y ha sido dirigente en varios gremios.<\/p>\n<p>El pap\u00e1 es el culpable de haberse enamorado de los medios de comunicaci\u00f3n. Al devolver las p\u00e1ginas de este libro escrito durante 89 a\u00f1os, tropieza con el cap\u00edtulo en el que aparece Jos\u00e9 Gregorio Acevedo, quien ten\u00eda un programa noticioso al mediod\u00eda en la Voz de C\u00facuta. De ah\u00ed en adelante no se despeg\u00f3 de los micr\u00f3fonos.<\/p>\n<p>\u201cComenc\u00e9 con el deporte un d\u00eda cualquiera al asistir a unas peleas de lucha\u201d. En ese momento qued\u00f3 flechado con la disciplina y la practic\u00f3 hasta el punto de ostentar un r\u00e9cord. En 20 segundos domin\u00f3 al contrincante en el Nacional y hasta ahora nadie ha logrado esa haza\u00f1a. Han pasado 60 a\u00f1os.<\/p>\n<p>La memoria hace el repaso de nombres. \u00c1lvaro Barreto, Arnulfo Alarc\u00f3n, Arbenis Petit, Jes\u00fas Mar\u00eda Sep\u00falveda y otra cantidad de compa\u00f1eros de cabina de aquella \u00e9poca dorada de la radio cucute\u00f1a aparecen en el recuerdo.<\/p>\n<p>Y resurge Cicrodeportes, que luego se llam\u00f3 Asociaci\u00f3n Colombiana de Periodistas Deportivos.<\/p>\n<p><a href=\"https:\/\/contraluzcucuta.co\/wp-content\/uploads\/2025\/06\/ANASTASIO-RAMIREZ-2-scaled.jpeg\"><img loading=\"lazy\" decoding=\"async\" class=\"alignnone  wp-image-44638 alignright\" src=\"https:\/\/contraluzcucuta.co\/wp-content\/uploads\/2025\/06\/ANASTASIO-RAMIREZ-2-300x225.jpeg\" alt=\"\" width=\"256\" height=\"192\" srcset=\"https:\/\/contraluzcucuta.co\/wp-content\/uploads\/2025\/06\/ANASTASIO-RAMIREZ-2-300x225.jpeg 300w, https:\/\/contraluzcucuta.co\/wp-content\/uploads\/2025\/06\/ANASTASIO-RAMIREZ-2-scaled-600x450.jpeg 600w, https:\/\/contraluzcucuta.co\/wp-content\/uploads\/2025\/06\/ANASTASIO-RAMIREZ-2-1024x768.jpeg 1024w, https:\/\/contraluzcucuta.co\/wp-content\/uploads\/2025\/06\/ANASTASIO-RAMIREZ-2-768x576.jpeg 768w, https:\/\/contraluzcucuta.co\/wp-content\/uploads\/2025\/06\/ANASTASIO-RAMIREZ-2-1536x1152.jpeg 1536w, https:\/\/contraluzcucuta.co\/wp-content\/uploads\/2025\/06\/ANASTASIO-RAMIREZ-2-2048x1536.jpeg 2048w\" sizes=\"auto, (max-width: 256px) 100vw, 256px\" \/><\/a><\/p>\n<p><strong>\u00bfPor qu\u00e9 se cre\u00f3 el C\u00edrculo?<\/strong><\/p>\n<ul>\n<li><em>Tuvimos la necesidad, con Carlos Ram\u00edrez Par\u00eds, que era un hombre inquieto, de aglutinar a los periodistas y reunirnos, departir y hacer cosas importantes.<\/em><\/li>\n<\/ul>\n<p>Las reuniones mensuales se hac\u00edan en la residencia de uno de los afiliados. El anfitri\u00f3n de turno, a manera de competencia, \u2018tiraba la casa por la ventana\u2019. Era la \u00e9poca de las parrilladas, los sancochos y las bebidas espirituosas. Hab\u00eda compa\u00f1erismo. \u201cFue una \u00e9poca muy bella\u201d.<\/p>\n<p>Anastasio particip\u00f3 en programas deportivos, hasta cuando vio la hora de ponerle nombre y sello a uno que fuera propio. Naci\u00f3 Gaceta Deportiva, era distinto y original. El lema se lo regal\u00f3 Eduardo Mantilla Sanmiguel. Y tambi\u00e9n escribi\u00f3 para el Diario de la Frontera.<\/p>\n<p>Si tuviera licencia para hacer una comparaci\u00f3n entre el periodismo de aquella \u00e9poca y el de hoy se remite al refranero.<\/p>\n<ul>\n<li><em>Todo tiempo pasado fue mejor. En aquella \u00e9poca hab\u00eda un trabajo m\u00e1s de campo. Hoy, es f\u00e1cil con los celulares tomar nota de algo que pas\u00f3 en otra parte y mandarlo como si fuera propio. Hay mucho facilismo.<\/em><\/li>\n<\/ul>\n<p>Y se le escapa una de esas bromas que le resultan espont\u00e1neas. \u201cLes dicen que son periodistas de centro comercial\u201d.<\/p>\n<p>Este ganadero y fundador de la extinta Plaza de Ferias Mariano Ospina no encuentra nada malo al ejercer el periodismo deportivo. La explicaci\u00f3n es sencilla. \u201cSomos los encargados de informar y de incentivar a la juventud para que no haga nada malo\u201d.<\/p>\n<p>Cambia el tono de voz al referirse a lo bueno de ser periodista deportivo. Y sac\u00f3 el listado en lo que es bueno. \u201cSoy ducho como deportista, como periodista, como comerciante, como hacedor de empresas\u201d. A esto se suma la organizaci\u00f3n sindical de los expendedores de carne y de los mayoristas de venta de carne en canal. Fund\u00f3 el Frigor\u00edfico La Frontera.<\/p>\n<p>Considera que el periodismo deportivo no le ha quitado nada, y se lo ha dado todo. \u201cDios quiera que continuemos en la lucha por el deporte y por todo lo bueno que me han dado el periodismo, las vaquitas y los cochinos\u201d.<\/p>\n","protected":false},"excerpt":{"rendered":"<p>CUCUTA. Hace muchos a\u00f1os ingres\u00f3 al periodismo. Ha pasado por varios medios de comunicaci\u00f3n hablados de la capital de Norte de Santander. Ese recorrido por emisoras en busca de la noticia y para entrevistar a personajes locales, motiv\u00f3 a la Acord Norte de Santander para reconocerle la vida y obra como periodista deportivo. Anastasio Ram\u00edrez &hellip;<\/p>\n","protected":false},"author":1,"featured_media":44639,"comment_status":"open","ping_status":"open","sticky":false,"template":"","format":"standard","meta":{"footnotes":""},"categories":[4,28],"tags":[5585,1244,6992],"class_list":["post-44636","post","type-post","status-publish","format-standard","has-post-thumbnail","hentry","category-barra","category-vistazo-deportivo","tag-acord-informa","tag-acord-norte-de-santander","tag-anastasio-ramirez-quintero"],"_links":{"self":[{"href":"https:\/\/contraluzcucuta.co\/index.php?rest_route=\/wp\/v2\/posts\/44636","targetHints":{"allow":["GET"]}}],"collection":[{"href":"https:\/\/contraluzcucuta.co\/index.php?rest_route=\/wp\/v2\/posts"}],"about":[{"href":"https:\/\/contraluzcucuta.co\/index.php?rest_route=\/wp\/v2\/types\/post"}],"author":[{"embeddable":true,"href":"https:\/\/contraluzcucuta.co\/index.php?rest_route=\/wp\/v2\/users\/1"}],"replies":[{"embeddable":true,"href":"https:\/\/contraluzcucuta.co\/index.php?rest_route=%2Fwp%2Fv2%2Fcomments&post=44636"}],"version-history":[{"count":1,"href":"https:\/\/contraluzcucuta.co\/index.php?rest_route=\/wp\/v2\/posts\/44636\/revisions"}],"predecessor-version":[{"id":44640,"href":"https:\/\/contraluzcucuta.co\/index.php?rest_route=\/wp\/v2\/posts\/44636\/revisions\/44640"}],"wp:featuredmedia":[{"embeddable":true,"href":"https:\/\/contraluzcucuta.co\/index.php?rest_route=\/wp\/v2\/media\/44639"}],"wp:attachment":[{"href":"https:\/\/contraluzcucuta.co\/index.php?rest_route=%2Fwp%2Fv2%2Fmedia&parent=44636"}],"wp:term":[{"taxonomy":"category","embeddable":true,"href":"https:\/\/contraluzcucuta.co\/index.php?rest_route=%2Fwp%2Fv2%2Fcategories&post=44636"},{"taxonomy":"post_tag","embeddable":true,"href":"https:\/\/contraluzcucuta.co\/index.php?rest_route=%2Fwp%2Fv2%2Ftags&post=44636"}],"curies":[{"name":"wp","href":"https:\/\/api.w.org\/{rel}","templated":true}]}}