{"id":44558,"date":"2025-05-19T18:28:15","date_gmt":"2025-05-19T23:28:15","guid":{"rendered":"https:\/\/contraluzcucuta.co\/?p=44558"},"modified":"2025-05-19T18:28:15","modified_gmt":"2025-05-19T23:28:15","slug":"mesa-tecnica-buscan-soluciones-al-peaje-de-villa-del-rosario","status":"publish","type":"post","link":"https:\/\/contraluzcucuta.co\/?p=44558","title":{"rendered":"MESA T\u00c9CNICA. Buscan soluciones al peaje de Villa del Rosario"},"content":{"rendered":"<p style=\"text-align: right;\"><strong>C\u00daCUTA.<\/strong><\/p>\n<p><strong><span style=\"color: #ff9900;\">Representantes de la consulta popular y del cabildo abierto constituidos para buscarle una salida a los problemas que representa el peaje ubicado en Villa del Rosario se reunieron con el gobernador William Villamizar Laguado. La mesa t\u00e9cnica ten\u00eda el objetivo de construir soluciones concertadas con l\u00edderes empresariales, tur\u00edsticos e institucionales del municipio.<\/span><\/strong><\/p>\n<p style=\"text-align: center;\"><a href=\"https:\/\/contraluzcucuta.co\/wp-content\/uploads\/2025\/05\/GOBERNADOR-PEAJE-DE-VILLA-DEL-ROSARIO-2.jpg\"><img loading=\"lazy\" decoding=\"async\" class=\"alignnone size-medium wp-image-44560\" src=\"https:\/\/contraluzcucuta.co\/wp-content\/uploads\/2025\/05\/GOBERNADOR-PEAJE-DE-VILLA-DEL-ROSARIO-2-300x191.jpg\" alt=\"\" width=\"300\" height=\"191\" srcset=\"https:\/\/contraluzcucuta.co\/wp-content\/uploads\/2025\/05\/GOBERNADOR-PEAJE-DE-VILLA-DEL-ROSARIO-2-300x191.jpg 300w, https:\/\/contraluzcucuta.co\/wp-content\/uploads\/2025\/05\/GOBERNADOR-PEAJE-DE-VILLA-DEL-ROSARIO-2-600x381.jpg 600w, https:\/\/contraluzcucuta.co\/wp-content\/uploads\/2025\/05\/GOBERNADOR-PEAJE-DE-VILLA-DEL-ROSARIO-2-1024x651.jpg 1024w, https:\/\/contraluzcucuta.co\/wp-content\/uploads\/2025\/05\/GOBERNADOR-PEAJE-DE-VILLA-DEL-ROSARIO-2-768x488.jpg 768w, https:\/\/contraluzcucuta.co\/wp-content\/uploads\/2025\/05\/GOBERNADOR-PEAJE-DE-VILLA-DEL-ROSARIO-2-1536x976.jpg 1536w, https:\/\/contraluzcucuta.co\/wp-content\/uploads\/2025\/05\/GOBERNADOR-PEAJE-DE-VILLA-DEL-ROSARIO-2.jpg 1699w\" sizes=\"auto, (max-width: 300px) 100vw, 300px\" \/><\/a> <a href=\"https:\/\/contraluzcucuta.co\/wp-content\/uploads\/2025\/05\/GOBERNADOR-PEAJE-DE-VILLA-DEL-ROSARIO-3.jpg\"><img loading=\"lazy\" decoding=\"async\" class=\"alignnone size-medium wp-image-44561\" src=\"https:\/\/contraluzcucuta.co\/wp-content\/uploads\/2025\/05\/GOBERNADOR-PEAJE-DE-VILLA-DEL-ROSARIO-3-300x189.jpg\" alt=\"\" width=\"300\" height=\"189\" srcset=\"https:\/\/contraluzcucuta.co\/wp-content\/uploads\/2025\/05\/GOBERNADOR-PEAJE-DE-VILLA-DEL-ROSARIO-3-300x189.jpg 300w, https:\/\/contraluzcucuta.co\/wp-content\/uploads\/2025\/05\/GOBERNADOR-PEAJE-DE-VILLA-DEL-ROSARIO-3-600x379.jpg 600w, https:\/\/contraluzcucuta.co\/wp-content\/uploads\/2025\/05\/GOBERNADOR-PEAJE-DE-VILLA-DEL-ROSARIO-3-1024x647.jpg 1024w, https:\/\/contraluzcucuta.co\/wp-content\/uploads\/2025\/05\/GOBERNADOR-PEAJE-DE-VILLA-DEL-ROSARIO-3-768x485.jpg 768w, https:\/\/contraluzcucuta.co\/wp-content\/uploads\/2025\/05\/GOBERNADOR-PEAJE-DE-VILLA-DEL-ROSARIO-3-1536x970.jpg 1536w, https:\/\/contraluzcucuta.co\/wp-content\/uploads\/2025\/05\/GOBERNADOR-PEAJE-DE-VILLA-DEL-ROSARIO-3.jpg 1710w\" sizes=\"auto, (max-width: 300px) 100vw, 300px\" \/><\/a><\/p>\n<p>Durante el encuentro se expusieron propuestas con miras a mitigar los impactos sociales y econ\u00f3micos que ha generado la permanencia de la estaci\u00f3n de peaje en los \u00faltimos 19 a\u00f1os, especialmente para los habitantes de Villa del Rosario y del \u00c1rea Metropolitana.<\/p>\n<p>\u201cEl comit\u00e9 ha presentado argumentos s\u00f3lidos que demuestran c\u00f3mo este peaje afecta el desarrollo econ\u00f3mico de la regi\u00f3n y limita la movilidad de miles de ciudadanos\u201d, dijo Villamizar Laguado. En la reuni\u00f3n se acord\u00f3 elaborar una comunicaci\u00f3n conjunta dirigida al ministerio de Transporte, la Agencia Nacional de Infraestructura (ANI) e Inv\u00edas, \u201cpara que escuchen directamente los planteamientos de la comunidad rosariense\u201d,<\/p>\n<p>La mesa de trabajo, que cont\u00f3 con la participaci\u00f3n de las secretar\u00edas departamentales de V\u00edas, Tr\u00e1nsito y Transporte, y la Secretar\u00eda Privada, sirvi\u00f3 para analizar las afectaciones generadas por el atentado a la infraestructura, el 19 de febrero, y las consecuencias en el tejido socioecon\u00f3mico del municipio.<\/p>\n<p>\u201cDesde la Gobernaci\u00f3n trabajaremos de manera articulada con el Gobierno y con la comunidad para explorar alternativas que permitan eliminar este peaje, o, al menos, mitigar sus impactos negativos\u201d, afirm\u00f3 el mandatario departamental.<\/p>\n<p>https:\/\/www.facebook.com\/share\/v\/1E6mk3Qu1b\/?mibextid=WC7FNe<\/p>\n<p>Luis Tob\u00f3n &#8211; @GoberNorte<\/p>\n","protected":false},"excerpt":{"rendered":"<p>C\u00daCUTA. Representantes de la consulta popular y del cabildo abierto constituidos para buscarle una salida a los problemas que representa el peaje ubicado en Villa del Rosario se reunieron con el gobernador William Villamizar Laguado. La mesa t\u00e9cnica ten\u00eda el objetivo de construir soluciones concertadas con l\u00edderes empresariales, tur\u00edsticos e institucionales del municipio. Durante el &hellip;<\/p>\n","protected":false},"author":1,"featured_media":44559,"comment_status":"open","ping_status":"open","sticky":false,"template":"","format":"standard","meta":{"footnotes":""},"categories":[4,36],"tags":[1754,2800,393,6977,3420,6976],"class_list":["post-44558","post","type-post","status-publish","format-standard","has-post-thumbnail","hentry","category-barra","category-la-voz-del-pueblo","tag-agencia-nacional-de-infraestructura","tag-gobernador-william-villamizar","tag-invias","tag-mesa-tecnica","tag-ministerio-de-transporte","tag-peaje-de-villa-del-rosario"],"_links":{"self":[{"href":"https:\/\/contraluzcucuta.co\/index.php?rest_route=\/wp\/v2\/posts\/44558","targetHints":{"allow":["GET"]}}],"collection":[{"href":"https:\/\/contraluzcucuta.co\/index.php?rest_route=\/wp\/v2\/posts"}],"about":[{"href":"https:\/\/contraluzcucuta.co\/index.php?rest_route=\/wp\/v2\/types\/post"}],"author":[{"embeddable":true,"href":"https:\/\/contraluzcucuta.co\/index.php?rest_route=\/wp\/v2\/users\/1"}],"replies":[{"embeddable":true,"href":"https:\/\/contraluzcucuta.co\/index.php?rest_route=%2Fwp%2Fv2%2Fcomments&post=44558"}],"version-history":[{"count":1,"href":"https:\/\/contraluzcucuta.co\/index.php?rest_route=\/wp\/v2\/posts\/44558\/revisions"}],"predecessor-version":[{"id":44562,"href":"https:\/\/contraluzcucuta.co\/index.php?rest_route=\/wp\/v2\/posts\/44558\/revisions\/44562"}],"wp:featuredmedia":[{"embeddable":true,"href":"https:\/\/contraluzcucuta.co\/index.php?rest_route=\/wp\/v2\/media\/44559"}],"wp:attachment":[{"href":"https:\/\/contraluzcucuta.co\/index.php?rest_route=%2Fwp%2Fv2%2Fmedia&parent=44558"}],"wp:term":[{"taxonomy":"category","embeddable":true,"href":"https:\/\/contraluzcucuta.co\/index.php?rest_route=%2Fwp%2Fv2%2Fcategories&post=44558"},{"taxonomy":"post_tag","embeddable":true,"href":"https:\/\/contraluzcucuta.co\/index.php?rest_route=%2Fwp%2Fv2%2Ftags&post=44558"}],"curies":[{"name":"wp","href":"https:\/\/api.w.org\/{rel}","templated":true}]}}