{"id":44549,"date":"2025-05-17T16:33:28","date_gmt":"2025-05-17T21:33:28","guid":{"rendered":"https:\/\/contraluzcucuta.co\/?p=44549"},"modified":"2025-05-17T16:33:28","modified_gmt":"2025-05-17T21:33:28","slug":"resguardo-motilon-bari-decretaron-medidas-cautelares-en-el-catatumbo","status":"publish","type":"post","link":"https:\/\/contraluzcucuta.co\/?p=44549","title":{"rendered":"RESGUARDO MOTIL\u00d3N BAR\u00cd. \u00a0Decretaron medidas cautelares en el Catatumbo"},"content":{"rendered":"<p style=\"text-align: right;\"><strong>C\u00daCUTA.<\/strong><\/p>\n<p><strong><span style=\"color: #ff9900;\">El Juzgado Primero Civil del Circuito Especializado en Restituci\u00f3n de Tierras de C\u00facuta decret\u00f3 medidas cautelares a favor del Resguardo Ind\u00edgena Motil\u00f3n Bar\u00ed, en la regi\u00f3n del Catatumbo. \u200bLos protegidos son 3120 personas de 462 familias, en un territorio colectivo de 178.543 hect\u00e1reas, que incluyen las tituladas y las solicitadas en ampliaci\u00f3n. Este resguardo abarca a El Carmen, Teorama, Convenci\u00f3n, El Tarra y Tib\u00fa, en Norte de Santander.<\/span><\/strong><\/p>\n<p>El fallo fue dado a conocer por la Unidad de Restituci\u00f3n de Tierras (URT). La entidad explic\u00f3 que la solicitud de medidas cautelares fue presentada, el 14 de marzo, por la Direcci\u00f3n de Asuntos \u00c9tnicos de la URT.<\/p>\n<p>Basados \u201cen el art\u00edculo 151 del Decreto Ley 4633, tratamos de proteger a las comunidades gravemente violentadas. Ahora celebramos la decisi\u00f3n judicial&#8221;, dijo la directora de Asuntos \u00c9tnicos de la URT, Mar\u00eda Alejandra Monta\u00f1o.<\/p>\n<p>Algunas de las medidas son:<\/p>\n<ul>\n<li>Reconocer el papel fundamental del pueblo Bar\u00ed para impulsar la negociaci\u00f3n de paz en El Catatumbo<\/li>\n<li>Ordenar la participaci\u00f3n permanente en las mesas de di\u00e1logo con los grupos armados ilegales<\/li>\n<li>Reconocimiento de la noci\u00f3n amplia del territorio ind\u00edgena<\/li>\n<li>Determinar salvaguardas concretas para ampliar el resguardo.<\/li>\n<\/ul>\n<p>Los l\u00edderes ind\u00edgenas resaltaron el papel de la DAE en esta decisi\u00f3n judicial. La directora viaj\u00f3 en diferentes ocasiones con el equipo para dialogar y responder por los compromisos asumidos con la comunidad. El resguardo Bar\u00ed destac\u00f3 los avances significativos en el reconocimiento de la autonom\u00eda y el gobierno propios, en busca de emprender acciones conjuntas que incluyan al pueblo en los procesos que resuelvan los problemas estructurales de la regi\u00f3n.<\/p>\n<p>El accionar violento de los grupos armados organizados en el territorio colectivo del resguardo ha generado desplazamientos forzados y confinamiento.<\/p>\n","protected":false},"excerpt":{"rendered":"<p>C\u00daCUTA. El Juzgado Primero Civil del Circuito Especializado en Restituci\u00f3n de Tierras de C\u00facuta decret\u00f3 medidas cautelares a favor del Resguardo Ind\u00edgena Motil\u00f3n Bar\u00ed, en la regi\u00f3n del Catatumbo. \u200bLos protegidos son 3120 personas de 462 familias, en un territorio colectivo de 178.543 hect\u00e1reas, que incluyen las tituladas y las solicitadas en ampliaci\u00f3n. Este resguardo &hellip;<\/p>\n","protected":false},"author":1,"featured_media":44550,"comment_status":"open","ping_status":"open","sticky":false,"template":"","format":"standard","meta":{"footnotes":""},"categories":[4,4561,6],"tags":[265,6974,669],"class_list":["post-44549","post","type-post","status-publish","format-standard","has-post-thumbnail","hentry","category-barra","category-el-catatumbo","category-ojo-avizor","tag-catatumbo","tag-resguardo-indigena-motilon-bari","tag-restitucion-de-tierras-en-norte-de-santander"],"_links":{"self":[{"href":"https:\/\/contraluzcucuta.co\/index.php?rest_route=\/wp\/v2\/posts\/44549","targetHints":{"allow":["GET"]}}],"collection":[{"href":"https:\/\/contraluzcucuta.co\/index.php?rest_route=\/wp\/v2\/posts"}],"about":[{"href":"https:\/\/contraluzcucuta.co\/index.php?rest_route=\/wp\/v2\/types\/post"}],"author":[{"embeddable":true,"href":"https:\/\/contraluzcucuta.co\/index.php?rest_route=\/wp\/v2\/users\/1"}],"replies":[{"embeddable":true,"href":"https:\/\/contraluzcucuta.co\/index.php?rest_route=%2Fwp%2Fv2%2Fcomments&post=44549"}],"version-history":[{"count":1,"href":"https:\/\/contraluzcucuta.co\/index.php?rest_route=\/wp\/v2\/posts\/44549\/revisions"}],"predecessor-version":[{"id":44551,"href":"https:\/\/contraluzcucuta.co\/index.php?rest_route=\/wp\/v2\/posts\/44549\/revisions\/44551"}],"wp:featuredmedia":[{"embeddable":true,"href":"https:\/\/contraluzcucuta.co\/index.php?rest_route=\/wp\/v2\/media\/44550"}],"wp:attachment":[{"href":"https:\/\/contraluzcucuta.co\/index.php?rest_route=%2Fwp%2Fv2%2Fmedia&parent=44549"}],"wp:term":[{"taxonomy":"category","embeddable":true,"href":"https:\/\/contraluzcucuta.co\/index.php?rest_route=%2Fwp%2Fv2%2Fcategories&post=44549"},{"taxonomy":"post_tag","embeddable":true,"href":"https:\/\/contraluzcucuta.co\/index.php?rest_route=%2Fwp%2Fv2%2Ftags&post=44549"}],"curies":[{"name":"wp","href":"https:\/\/api.w.org\/{rel}","templated":true}]}}