{"id":44545,"date":"2025-05-17T16:07:05","date_gmt":"2025-05-17T21:07:05","guid":{"rendered":"https:\/\/contraluzcucuta.co\/?p=44545"},"modified":"2025-05-17T16:07:05","modified_gmt":"2025-05-17T21:07:05","slug":"entornos-seguros-cucuta-quinta-ciudad-del-pais-con-batallon-de-policia-militar","status":"publish","type":"post","link":"https:\/\/contraluzcucuta.co\/?p=44545","title":{"rendered":"ENTORNOS SEGUROS. C\u00facuta, quinta ciudad del pa\u00eds con batall\u00f3n de Polic\u00eda Militar"},"content":{"rendered":"<p style=\"padding-left: 40px; text-align: right;\"><strong>C\u00daCUTA<\/strong><\/p>\n<p><strong><span style=\"color: #ff9900;\">La capital de Norte de Santander se consolida como quinta ciudad del pa\u00eds en contar con batall\u00f3n de Polic\u00eda Militar. A partir del 16 de mayo, entr\u00f3 en acci\u00f3n como estrategia de seguridad propuesta y consolidada por la Alcald\u00eda de C\u00facuta, el Ministerio de Defensa y el Ej\u00e9rcito.<\/span><\/strong><\/p>\n<p><a href=\"https:\/\/contraluzcucuta.co\/wp-content\/uploads\/2025\/05\/BATALLON-POLICIA-MILITAR-1.jpeg\"><img loading=\"lazy\" decoding=\"async\" class=\"alignnone  wp-image-44546 alignleft\" src=\"https:\/\/contraluzcucuta.co\/wp-content\/uploads\/2025\/05\/BATALLON-POLICIA-MILITAR-1-300x196.jpeg\" alt=\"\" width=\"248\" height=\"162\" srcset=\"https:\/\/contraluzcucuta.co\/wp-content\/uploads\/2025\/05\/BATALLON-POLICIA-MILITAR-1-300x196.jpeg 300w, https:\/\/contraluzcucuta.co\/wp-content\/uploads\/2025\/05\/BATALLON-POLICIA-MILITAR-1-600x392.jpeg 600w, https:\/\/contraluzcucuta.co\/wp-content\/uploads\/2025\/05\/BATALLON-POLICIA-MILITAR-1-1024x670.jpeg 1024w, https:\/\/contraluzcucuta.co\/wp-content\/uploads\/2025\/05\/BATALLON-POLICIA-MILITAR-1-768x502.jpeg 768w, https:\/\/contraluzcucuta.co\/wp-content\/uploads\/2025\/05\/BATALLON-POLICIA-MILITAR-1-1536x1004.jpeg 1536w, https:\/\/contraluzcucuta.co\/wp-content\/uploads\/2025\/05\/BATALLON-POLICIA-MILITAR-1-2048x1339.jpeg 2048w\" sizes=\"auto, (max-width: 248px) 100vw, 248px\" \/><\/a><\/p>\n<p>M\u00e1s de 450 militares conforman el batall\u00f3n y \u201cla meta es llegar a mil hombres en tres a\u00f1os\u201d, dijo el alcalde Jorge Acevedo. Los militares cuentan con entrenamiento t\u00e1ctico y capacitaci\u00f3n para el desarrollo de las operaciones y el respeto a los derechos humanos.<\/p>\n<p>La misi\u00f3n es apoyar el plan de seguridad en articulaci\u00f3n con Polic\u00eda y Fiscal\u00eda. \u201cEsta sinergia es fundamental para afrontar con contundencia los desaf\u00edos en el orden p\u00fablico\u201d, dijo el comandante de la Segunda Divisi\u00f3n, mayor general Giovanni Rodr\u00edguez.<\/p>\n<p>La Polic\u00eda Militar desplegar\u00e1 acciones de registro, control y reconocimiento de \u00e1rea por medio de patrullajes en las comunas de la ciudad.\u00a0 \u201cLa llegada de esta unidad va a permitir fortalecer la presencia militar y garantizar la tranquilidad de las comunidades, promover entornos seguros y contrarrestar las acciones delictivas\u201d, afirm\u00f3 el secretario de Seguridad Ciudadana, Diego Villamizar.<\/p>\n","protected":false},"excerpt":{"rendered":"<p>C\u00daCUTA La capital de Norte de Santander se consolida como quinta ciudad del pa\u00eds en contar con batall\u00f3n de Polic\u00eda Militar. A partir del 16 de mayo, entr\u00f3 en acci\u00f3n como estrategia de seguridad propuesta y consolidada por la Alcald\u00eda de C\u00facuta, el Ministerio de Defensa y el Ej\u00e9rcito. M\u00e1s de 450 militares conforman el &hellip;<\/p>\n","protected":false},"author":1,"featured_media":44547,"comment_status":"open","ping_status":"open","sticky":false,"template":"","format":"standard","meta":{"footnotes":""},"categories":[11,4],"tags":[226,6885,3564,250],"class_list":["post-44545","post","type-post","status-publish","format-standard","has-post-thumbnail","hentry","category-cronica-roja","category-barra","tag-alcaldia-de-cucuta","tag-batallon-de-policia-militar","tag-ejercito","tag-ministerio-de-defensa"],"_links":{"self":[{"href":"https:\/\/contraluzcucuta.co\/index.php?rest_route=\/wp\/v2\/posts\/44545","targetHints":{"allow":["GET"]}}],"collection":[{"href":"https:\/\/contraluzcucuta.co\/index.php?rest_route=\/wp\/v2\/posts"}],"about":[{"href":"https:\/\/contraluzcucuta.co\/index.php?rest_route=\/wp\/v2\/types\/post"}],"author":[{"embeddable":true,"href":"https:\/\/contraluzcucuta.co\/index.php?rest_route=\/wp\/v2\/users\/1"}],"replies":[{"embeddable":true,"href":"https:\/\/contraluzcucuta.co\/index.php?rest_route=%2Fwp%2Fv2%2Fcomments&post=44545"}],"version-history":[{"count":1,"href":"https:\/\/contraluzcucuta.co\/index.php?rest_route=\/wp\/v2\/posts\/44545\/revisions"}],"predecessor-version":[{"id":44548,"href":"https:\/\/contraluzcucuta.co\/index.php?rest_route=\/wp\/v2\/posts\/44545\/revisions\/44548"}],"wp:featuredmedia":[{"embeddable":true,"href":"https:\/\/contraluzcucuta.co\/index.php?rest_route=\/wp\/v2\/media\/44547"}],"wp:attachment":[{"href":"https:\/\/contraluzcucuta.co\/index.php?rest_route=%2Fwp%2Fv2%2Fmedia&parent=44545"}],"wp:term":[{"taxonomy":"category","embeddable":true,"href":"https:\/\/contraluzcucuta.co\/index.php?rest_route=%2Fwp%2Fv2%2Fcategories&post=44545"},{"taxonomy":"post_tag","embeddable":true,"href":"https:\/\/contraluzcucuta.co\/index.php?rest_route=%2Fwp%2Fv2%2Ftags&post=44545"}],"curies":[{"name":"wp","href":"https:\/\/api.w.org\/{rel}","templated":true}]}}