{"id":44541,"date":"2025-05-17T15:25:08","date_gmt":"2025-05-17T20:25:08","guid":{"rendered":"https:\/\/contraluzcucuta.co\/?p=44541"},"modified":"2025-05-17T16:00:34","modified_gmt":"2025-05-17T21:00:34","slug":"crisis-en-el-catatumbo-comunidades-bari-y-resguardo-catalaura-afrontan-confinamiento","status":"publish","type":"post","link":"https:\/\/contraluzcucuta.co\/?p=44541","title":{"rendered":"CRISIS EN EL CATATUMBO. Comunidades Bar\u00ed y Resguardo Catalaura afrontan confinamiento"},"content":{"rendered":"<p style=\"text-align: right;\"><strong>C\u00daCUTA.<\/strong><\/p>\n<p><span style=\"color: #ff9900;\">El Comit\u00e9 de Justicia Transicional del departamento abord\u00f3 de manera prioritaria la situaci\u00f3n de confinamiento que afrontan las comunidades Bar\u00ed y el Resguardo Catalaura. Se socializ\u00f3 la declaratoria oficial de confinamiento como medida de protecci\u00f3n colectiva para permitir que se activen rutas institucionales para garantizar derechos fundamentales y canalizar atenci\u00f3n humanitaria.<\/span><\/p>\n<p><a href=\"https:\/\/contraluzcucuta.co\/wp-content\/uploads\/2025\/05\/CATATUMBO-JUSTICIA-TRANSICIONAL-2.jpg\"><img loading=\"lazy\" decoding=\"async\" class=\"alignnone wp-image-44543 alignleft\" src=\"https:\/\/contraluzcucuta.co\/wp-content\/uploads\/2025\/05\/CATATUMBO-JUSTICIA-TRANSICIONAL-2-300x200.jpg\" alt=\"\" width=\"251\" height=\"167\" srcset=\"https:\/\/contraluzcucuta.co\/wp-content\/uploads\/2025\/05\/CATATUMBO-JUSTICIA-TRANSICIONAL-2-300x200.jpg 300w, https:\/\/contraluzcucuta.co\/wp-content\/uploads\/2025\/05\/CATATUMBO-JUSTICIA-TRANSICIONAL-2-600x400.jpg 600w, https:\/\/contraluzcucuta.co\/wp-content\/uploads\/2025\/05\/CATATUMBO-JUSTICIA-TRANSICIONAL-2-1024x683.jpg 1024w, https:\/\/contraluzcucuta.co\/wp-content\/uploads\/2025\/05\/CATATUMBO-JUSTICIA-TRANSICIONAL-2-768x512.jpg 768w, https:\/\/contraluzcucuta.co\/wp-content\/uploads\/2025\/05\/CATATUMBO-JUSTICIA-TRANSICIONAL-2-310x205.jpg 310w, https:\/\/contraluzcucuta.co\/wp-content\/uploads\/2025\/05\/CATATUMBO-JUSTICIA-TRANSICIONAL-2.jpg 1200w\" sizes=\"auto, (max-width: 251px) 100vw, 251px\" \/><\/a><\/p>\n<p>La Unidad para las V\u00edctimas, la Agencia Nacional de Tierras, la Agencia de Restituci\u00f3n de Tierras y el Ministerio de Igualdad socializaron las l\u00edneas de atenci\u00f3n a poblaci\u00f3n v\u00edctima, procesos de restituci\u00f3n, indemnizaci\u00f3n y acceso a predios. Prosperidad Social comparti\u00f3 la oferta disponible para apoyar a las comunidades vulnerables.<\/p>\n<p>El Comit\u00e9 T\u00e9cnico, creado mediante el Decreto 042 de 2025, es liderado por la Secretar\u00eda de Gobierno Departamental para hacerle seguimiento permanente a la crisis humanitaria en la regi\u00f3n. En este espacio se recogen datos, se identifican prioridades y se consolidan acciones con enfoque diferencial.<\/p>\n<p>Los alcaldes de El Tarra, Tib\u00fa y Oca\u00f1a presentaron el balance detallado de la situaci\u00f3n en sus territorios, lo que permiti\u00f3 fortalecer la lectura territorial y coordinar esfuerzos con la administraci\u00f3n departamental.<\/p>\n<p>La Secretar\u00eda de V\u00edctimas, Paz y Posconflicto lider\u00f3 la segunda sesi\u00f3n ordinaria del Comit\u00e9. Este espacio fue presidido por el gobernador encargado Rafael San\u00edn y el secretario Fabio Rodr\u00edguez. Cont\u00f3 con la participaci\u00f3n de entidades nacionales, alcald\u00edas y representantes de organizaciones ind\u00edgenas y de v\u00edctimas.<\/p>\n<p>\u201cEs un avance positivo. Seguimos haci\u00e9ndole seguimiento a la pol\u00edtica p\u00fablica de v\u00edctimas y los avances desde el gobierno departamental en atenci\u00f3n en pro de las v\u00edctimas de Norte de Santander\u201d, dijo Fabio Rodr\u00edguez, secretario de V\u00edctimas.<\/p>\n<p>Jonnathan Fuentes &#8211; @GoberNorte<\/p>\n","protected":false},"excerpt":{"rendered":"<p>C\u00daCUTA. El Comit\u00e9 de Justicia Transicional del departamento abord\u00f3 de manera prioritaria la situaci\u00f3n de confinamiento que afrontan las comunidades Bar\u00ed y el Resguardo Catalaura. Se socializ\u00f3 la declaratoria oficial de confinamiento como medida de protecci\u00f3n colectiva para permitir que se activen rutas institucionales para garantizar derechos fundamentales y canalizar atenci\u00f3n humanitaria. La Unidad para &hellip;<\/p>\n","protected":false},"author":1,"featured_media":44542,"comment_status":"open","ping_status":"open","sticky":false,"template":"","format":"standard","meta":{"footnotes":""},"categories":[4,32],"tags":[6972,6798,1498,6973,5553,4051],"class_list":["post-44541","post","type-post","status-publish","format-standard","has-post-thumbnail","hentry","category-barra","category-recorrido-por-la-region","tag-agencia-de-restitucion-de-tierras","tag-agencia-nacional-de-tierras","tag-comunidad-motilon-bari","tag-ministerio-de-igualdad","tag-resguardo-catalaura","tag-unidad-para-las-victimas"],"_links":{"self":[{"href":"https:\/\/contraluzcucuta.co\/index.php?rest_route=\/wp\/v2\/posts\/44541","targetHints":{"allow":["GET"]}}],"collection":[{"href":"https:\/\/contraluzcucuta.co\/index.php?rest_route=\/wp\/v2\/posts"}],"about":[{"href":"https:\/\/contraluzcucuta.co\/index.php?rest_route=\/wp\/v2\/types\/post"}],"author":[{"embeddable":true,"href":"https:\/\/contraluzcucuta.co\/index.php?rest_route=\/wp\/v2\/users\/1"}],"replies":[{"embeddable":true,"href":"https:\/\/contraluzcucuta.co\/index.php?rest_route=%2Fwp%2Fv2%2Fcomments&post=44541"}],"version-history":[{"count":1,"href":"https:\/\/contraluzcucuta.co\/index.php?rest_route=\/wp\/v2\/posts\/44541\/revisions"}],"predecessor-version":[{"id":44544,"href":"https:\/\/contraluzcucuta.co\/index.php?rest_route=\/wp\/v2\/posts\/44541\/revisions\/44544"}],"wp:featuredmedia":[{"embeddable":true,"href":"https:\/\/contraluzcucuta.co\/index.php?rest_route=\/wp\/v2\/media\/44542"}],"wp:attachment":[{"href":"https:\/\/contraluzcucuta.co\/index.php?rest_route=%2Fwp%2Fv2%2Fmedia&parent=44541"}],"wp:term":[{"taxonomy":"category","embeddable":true,"href":"https:\/\/contraluzcucuta.co\/index.php?rest_route=%2Fwp%2Fv2%2Fcategories&post=44541"},{"taxonomy":"post_tag","embeddable":true,"href":"https:\/\/contraluzcucuta.co\/index.php?rest_route=%2Fwp%2Fv2%2Ftags&post=44541"}],"curies":[{"name":"wp","href":"https:\/\/api.w.org\/{rel}","templated":true}]}}