{"id":44537,"date":"2025-05-16T13:14:34","date_gmt":"2025-05-16T18:14:34","guid":{"rendered":"https:\/\/contraluzcucuta.co\/?p=44537"},"modified":"2025-05-16T13:14:34","modified_gmt":"2025-05-16T18:14:34","slug":"necrologia-rosendo-caceres-leccion-muda-de-caballerosidad-y-de-respeto-por-los-demas","status":"publish","type":"post","link":"https:\/\/contraluzcucuta.co\/?p=44537","title":{"rendered":"NECROLOG\u00cdA. Rosendo C\u00e1ceres, Lecci\u00f3n muda de caballerosidad y de respeto por los dem\u00e1s"},"content":{"rendered":"<p style=\"padding-left: 40px; text-align: right;\"><strong>C\u00daCUTA.<\/strong><\/p>\n<p><strong><span style=\"color: #ff9900;\">Se fue Rosendo C\u00e1ceres (13 de noviembre de 1930 \u2013 16 de mayo de 2025). Perteneci\u00f3 a la promoci\u00f3n de 1948 del colegio Sagrado Coraz\u00f3n de Jes\u00fas. Seguidor incondicional del C\u00facuta Deportivo. Naci\u00f3 en Chin\u00e1cota y muri\u00f3 en C\u00facuta.<\/span><\/strong><\/p>\n<p><a href=\"https:\/\/contraluzcucuta.co\/wp-content\/uploads\/2025\/05\/ROSENDO-CACERES-16.jpeg\"><img loading=\"lazy\" decoding=\"async\" class=\"alignnone  wp-image-44539 alignleft\" src=\"https:\/\/contraluzcucuta.co\/wp-content\/uploads\/2025\/05\/ROSENDO-CACERES-16-225x300.jpeg\" alt=\"\" width=\"208\" height=\"277\" srcset=\"https:\/\/contraluzcucuta.co\/wp-content\/uploads\/2025\/05\/ROSENDO-CACERES-16-225x300.jpeg 225w, https:\/\/contraluzcucuta.co\/wp-content\/uploads\/2025\/05\/ROSENDO-CACERES-16-600x800.jpeg 600w, https:\/\/contraluzcucuta.co\/wp-content\/uploads\/2025\/05\/ROSENDO-CACERES-16-768x1024.jpeg 768w, https:\/\/contraluzcucuta.co\/wp-content\/uploads\/2025\/05\/ROSENDO-CACERES-16-1152x1536.jpeg 1152w, https:\/\/contraluzcucuta.co\/wp-content\/uploads\/2025\/05\/ROSENDO-CACERES-16.jpeg 1200w\" sizes=\"auto, (max-width: 208px) 100vw, 208px\" \/><\/a><\/p>\n<p>Estudi\u00f3 medicina en la Universidad Nacional (Bogot\u00e1) y se hizo anestesi\u00f3logo al lado de Carlos Celis Carrillo. Por su memoria, que conservaba a pesar del desgaste natural luego de tenerla a pleno funcionamiento durante los \u00faltimos 93 a\u00f1os, discurr\u00edan im\u00e1genes cargadas de emoci\u00f3n y nostalgia. Corr\u00edan frescos esos momentos disfrutados en la lejana lozan\u00eda de la juventud y aparec\u00edan imperecederos los lapsos de tiempo compartidos con amigos y conocidos.<\/p>\n<p>Las palabras, parec\u00eda, no sal\u00edan con fluidez para no atropellar el pasado que se manten\u00eda pl\u00e1cido en la mente. Surg\u00edan de una en una, como en caravana l\u00e9xica, con el \u00fanico fin de deleitarse con el detalle, con la minucia, con la serenidad propia de un experto de la vida.<\/p>\n<p>M\u00e1s que una sonrisa dejaba ver ese rictus caracter\u00edstico de quien quiere transmitir el estado de \u00e1nimo que se debate entre la felicidad por el recuerdo y la tristeza por el presente. La mirada estaba ah\u00ed, clavada en el punto m\u00e1s cercano. El cuerpo, endeble y agotado, se trasladaba lento, \u2018como perdonando el tiempo\u2019. Quiz\u00e1s, las horas de tener af\u00e1n se hab\u00edan consumido hace muchos minutos. Sin que el cansancio sea una queja, no viv\u00eda al ritmo de las manecillas del reloj, sino al comp\u00e1s de los pensamientos.<\/p>\n<p>Hac\u00eda un par de d\u00e9cadas que no iba al hospital a ejercer la profesi\u00f3n. En 1954, lleg\u00f3 como m\u00e9dico interno y en 1989, colg\u00f3 la bata blanca. Hab\u00edan pasado 35 a\u00f1os. En cambio, no alcanz\u00f3 a trabajar en el moderno Erasmo Meoz. La Cl\u00ednica Norte fue el \u00faltimo refugio m\u00e9dico para atender y entender a los pacientes, como aprendi\u00f3 en el hospital San Juan de Dios de Salazar, donde cumpli\u00f3 con el a\u00f1o rural exigido para obtener el t\u00edtulo profesional.<\/p>\n<p>Del paso por el quir\u00f3fano para acompa\u00f1ar a sus colegas en las operaciones guarda muchas vivencias y no se atreve, por dignidad, a revelar ninguna an\u00e9cdota. \u2018Lo que ocurre en la sala de cirug\u00edas, se queda en la sala de cirug\u00edas\u2019, parec\u00eda ser el lema. Es una lecci\u00f3n muda de caballerosidad y de respeto por los dem\u00e1s.<\/p>\n","protected":false},"excerpt":{"rendered":"<p>C\u00daCUTA. Se fue Rosendo C\u00e1ceres (13 de noviembre de 1930 \u2013 16 de mayo de 2025). Perteneci\u00f3 a la promoci\u00f3n de 1948 del colegio Sagrado Coraz\u00f3n de Jes\u00fas. Seguidor incondicional del C\u00facuta Deportivo. Naci\u00f3 en Chin\u00e1cota y muri\u00f3 en C\u00facuta. Estudi\u00f3 medicina en la Universidad Nacional (Bogot\u00e1) y se hizo anestesi\u00f3logo al lado de Carlos &hellip;<\/p>\n","protected":false},"author":1,"featured_media":44538,"comment_status":"open","ping_status":"open","sticky":false,"template":"","format":"standard","meta":{"footnotes":""},"categories":[4,1967],"tags":[1948,5969],"class_list":["post-44537","post","type-post","status-publish","format-standard","has-post-thumbnail","hentry","category-barra","category-necrologias","tag-necrologias-cucutenas","tag-rosendo-caceres"],"_links":{"self":[{"href":"https:\/\/contraluzcucuta.co\/index.php?rest_route=\/wp\/v2\/posts\/44537","targetHints":{"allow":["GET"]}}],"collection":[{"href":"https:\/\/contraluzcucuta.co\/index.php?rest_route=\/wp\/v2\/posts"}],"about":[{"href":"https:\/\/contraluzcucuta.co\/index.php?rest_route=\/wp\/v2\/types\/post"}],"author":[{"embeddable":true,"href":"https:\/\/contraluzcucuta.co\/index.php?rest_route=\/wp\/v2\/users\/1"}],"replies":[{"embeddable":true,"href":"https:\/\/contraluzcucuta.co\/index.php?rest_route=%2Fwp%2Fv2%2Fcomments&post=44537"}],"version-history":[{"count":1,"href":"https:\/\/contraluzcucuta.co\/index.php?rest_route=\/wp\/v2\/posts\/44537\/revisions"}],"predecessor-version":[{"id":44540,"href":"https:\/\/contraluzcucuta.co\/index.php?rest_route=\/wp\/v2\/posts\/44537\/revisions\/44540"}],"wp:featuredmedia":[{"embeddable":true,"href":"https:\/\/contraluzcucuta.co\/index.php?rest_route=\/wp\/v2\/media\/44538"}],"wp:attachment":[{"href":"https:\/\/contraluzcucuta.co\/index.php?rest_route=%2Fwp%2Fv2%2Fmedia&parent=44537"}],"wp:term":[{"taxonomy":"category","embeddable":true,"href":"https:\/\/contraluzcucuta.co\/index.php?rest_route=%2Fwp%2Fv2%2Fcategories&post=44537"},{"taxonomy":"post_tag","embeddable":true,"href":"https:\/\/contraluzcucuta.co\/index.php?rest_route=%2Fwp%2Fv2%2Ftags&post=44537"}],"curies":[{"name":"wp","href":"https:\/\/api.w.org\/{rel}","templated":true}]}}