{"id":44531,"date":"2025-05-14T11:24:17","date_gmt":"2025-05-14T16:24:17","guid":{"rendered":"https:\/\/contraluzcucuta.co\/?p=44531"},"modified":"2025-05-14T11:30:27","modified_gmt":"2025-05-14T16:30:27","slug":"natacion-infantil-cucuteno-entre-los-mejores-del-pais","status":"publish","type":"post","link":"https:\/\/contraluzcucuta.co\/?p=44531","title":{"rendered":"NATACI\u00d3N INFANTIL. Cucute\u00f1o entre los mejores del pa\u00eds"},"content":{"rendered":"<p style=\"text-align: right;\"><strong>C\u00daCUTA.<\/strong><\/p>\n<p><strong><span style=\"color: #ff9900;\">Cristian David Padilla tiene 11 a\u00f1os y est\u00e1 metido entre los mejores de su categor\u00eda en la nataci\u00f3n colombiana. El ranquin dado a conocer por la Federaci\u00f3n lo ubica en los primeros lugares en las categor\u00edas pecho y libre en las distancias 50, 100 y 200 metros.<\/span><\/strong><\/p>\n<figure id=\"attachment_44535\" aria-describedby=\"caption-attachment-44535\" style=\"width: 249px\" class=\"wp-caption alignleft\"><a href=\"https:\/\/contraluzcucuta.co\/wp-content\/uploads\/2025\/05\/DAVID-PADILLA-10-scaled.jpg\"><img loading=\"lazy\" decoding=\"async\" class=\" wp-image-44535\" src=\"https:\/\/contraluzcucuta.co\/wp-content\/uploads\/2025\/05\/DAVID-PADILLA-10-300x225.jpg\" alt=\"\" width=\"249\" height=\"187\" srcset=\"https:\/\/contraluzcucuta.co\/wp-content\/uploads\/2025\/05\/DAVID-PADILLA-10-300x225.jpg 300w, https:\/\/contraluzcucuta.co\/wp-content\/uploads\/2025\/05\/DAVID-PADILLA-10-scaled-600x450.jpg 600w, https:\/\/contraluzcucuta.co\/wp-content\/uploads\/2025\/05\/DAVID-PADILLA-10-1024x768.jpg 1024w, https:\/\/contraluzcucuta.co\/wp-content\/uploads\/2025\/05\/DAVID-PADILLA-10-768x576.jpg 768w, https:\/\/contraluzcucuta.co\/wp-content\/uploads\/2025\/05\/DAVID-PADILLA-10-1536x1152.jpg 1536w, https:\/\/contraluzcucuta.co\/wp-content\/uploads\/2025\/05\/DAVID-PADILLA-10-2048x1536.jpg 2048w\" sizes=\"auto, (max-width: 249px) 100vw, 249px\" \/><\/a><figcaption id=\"caption-attachment-44535\" class=\"wp-caption-text\"><em>Foto: contraluzcucuta<\/em><\/figcaption><\/figure>\n<p>Hace cuatro a\u00f1os incursion\u00f3 en la disciplina por gusto de los padres y se qued\u00f3 por recomendaci\u00f3n de los profesores.\u00a0 Alterna las competencias de velocidad con las de aguas adentro y en las dos especialidades ha dejado en lo alto las banderas de Los Patios, municipio donde reside, y de Norte de Santander.<\/p>\n<p>A su lado siempre est\u00e1 Doris, la madre que vive al m\u00e1ximo los triunfos de este campe\u00f3n. La \u00faltima vez que cont\u00f3 las medallas ganadas en piscina o lagos y mar lleg\u00f3 a 60. En el cuarto todav\u00eda le queda espacio para otras y tiene el sue\u00f1o de alcanzar una con sabor ol\u00edmpico.<\/p>\n<p>Las clasificaciones son las siguientes:<\/p>\n<p><strong>100 metros libre<\/strong><\/p>\n<ol>\n<li>JORGE MARIO MURILLO GALLEGO (VALLE)<\/li>\n<li><strong>CRISTIAN DAVID PADILLA ARIAS (NORTE DE SANTANDER)<\/strong><\/li>\n<li>JER\u00d3NIMO SUERO CALLEJAS (ATLANTICO)<\/li>\n<\/ol>\n<p><strong>200 metros libre<\/strong><\/p>\n<ol>\n<li>JORGE MARIO MURILLO GALLEGO (VALLE)<\/li>\n<li>BRUNO RAFAEL RIASCOS RIASCOS (MAGDALENA)<\/li>\n<li>JAMES JOS\u00c9 FUENTES DE LA HOZ (MAGDALENA)<\/li>\n<li>JERONIMO RAMIREZ BARE\u00d1O (CALDAS)<\/li>\n<li><strong>CRISTIAN DAVID PADILLA ARIAS (NORTE DE SANTANDER)<\/strong><\/li>\n<\/ol>\n<p><strong>50 metros pecho<\/strong><\/p>\n<ol>\n<li>CRISTIAN DAVID PADILLA ARIAS (NORTE DE SANTANDER)<\/li>\n<li>JUAN JOSE RIVERA RUIZ (VALLE)<\/li>\n<li>GERARD STIVEN VARGAS DELGADO (VALLE)<\/li>\n<\/ol>\n<p><strong>100 metros pecho<\/strong><\/p>\n<ol>\n<li>GERARD STIVEN VARGAS DELGADO (VALLE)<\/li>\n<li><strong>CRISTIAN DAVID PADILLA ARIAS (NORTE DE SANTANDER)<\/strong><\/li>\n<li>IAN CASTA\u00f1O CARDONA (VALLE)<\/li>\n<\/ol>\n<p><strong>50 metros libre<\/strong><\/p>\n<ol>\n<li>JERONIMO SANCHEZ ESTELA (BOGOTA)<\/li>\n<li>SAMUEL TORRES FABRA CORDOBA)<\/li>\n<li>JORGE MARIO MURILLO GALLEGO (VALLE)<\/li>\n<li><strong>CRISTIAN DAVID PADILLA ARIAS (NORTE DE SANTANDER)<\/strong><\/li>\n<\/ol>\n","protected":false},"excerpt":{"rendered":"<p>C\u00daCUTA. Cristian David Padilla tiene 11 a\u00f1os y est\u00e1 metido entre los mejores de su categor\u00eda en la nataci\u00f3n colombiana. El ranquin dado a conocer por la Federaci\u00f3n lo ubica en los primeros lugares en las categor\u00edas pecho y libre en las distancias 50, 100 y 200 metros. Hace cuatro a\u00f1os incursion\u00f3 en la disciplina &hellip;<\/p>\n","protected":false},"author":1,"featured_media":44532,"comment_status":"open","ping_status":"open","sticky":false,"template":"","format":"standard","meta":{"footnotes":""},"categories":[4,28],"tags":[5585,6971,6970],"class_list":["post-44531","post","type-post","status-publish","format-standard","has-post-thumbnail","hentry","category-barra","category-vistazo-deportivo","tag-acord-informa","tag-deporte-infantil","tag-natacion-cucutena"],"_links":{"self":[{"href":"https:\/\/contraluzcucuta.co\/index.php?rest_route=\/wp\/v2\/posts\/44531","targetHints":{"allow":["GET"]}}],"collection":[{"href":"https:\/\/contraluzcucuta.co\/index.php?rest_route=\/wp\/v2\/posts"}],"about":[{"href":"https:\/\/contraluzcucuta.co\/index.php?rest_route=\/wp\/v2\/types\/post"}],"author":[{"embeddable":true,"href":"https:\/\/contraluzcucuta.co\/index.php?rest_route=\/wp\/v2\/users\/1"}],"replies":[{"embeddable":true,"href":"https:\/\/contraluzcucuta.co\/index.php?rest_route=%2Fwp%2Fv2%2Fcomments&post=44531"}],"version-history":[{"count":3,"href":"https:\/\/contraluzcucuta.co\/index.php?rest_route=\/wp\/v2\/posts\/44531\/revisions"}],"predecessor-version":[{"id":44536,"href":"https:\/\/contraluzcucuta.co\/index.php?rest_route=\/wp\/v2\/posts\/44531\/revisions\/44536"}],"wp:featuredmedia":[{"embeddable":true,"href":"https:\/\/contraluzcucuta.co\/index.php?rest_route=\/wp\/v2\/media\/44532"}],"wp:attachment":[{"href":"https:\/\/contraluzcucuta.co\/index.php?rest_route=%2Fwp%2Fv2%2Fmedia&parent=44531"}],"wp:term":[{"taxonomy":"category","embeddable":true,"href":"https:\/\/contraluzcucuta.co\/index.php?rest_route=%2Fwp%2Fv2%2Fcategories&post=44531"},{"taxonomy":"post_tag","embeddable":true,"href":"https:\/\/contraluzcucuta.co\/index.php?rest_route=%2Fwp%2Fv2%2Ftags&post=44531"}],"curies":[{"name":"wp","href":"https:\/\/api.w.org\/{rel}","templated":true}]}}