{"id":44461,"date":"2025-03-19T14:41:15","date_gmt":"2025-03-19T19:41:15","guid":{"rendered":"https:\/\/contraluzcucuta.co\/?p=44461"},"modified":"2025-03-19T14:41:15","modified_gmt":"2025-03-19T19:41:15","slug":"sector-motriz-venta-de-carros-nuevos-disminuyo-en-cucuta-en-el-2024","status":"publish","type":"post","link":"https:\/\/contraluzcucuta.co\/?p=44461","title":{"rendered":"SECTOR MOTRIZ. Venta de carros nuevos disminuy\u00f3 en C\u00facuta, en el 2024"},"content":{"rendered":"<p style=\"text-align: right;\"><strong>C\u00daCUTA.<\/strong><\/p>\n<p><strong><span style=\"color: #ff9900;\">Los cucute\u00f1os compraron menos veh\u00edculos nuevos, en el 2024, que el resto de colombianos. Mientras que en el pa\u00eds se registraron 201.219 unidades, en la capital de Norte de Santander salieron a las calles 1838. La ciudad experiment\u00f3 la disminuci\u00f3n del 4,6 % en las ventas, teniendo en cuenta que en el 2023 se vendieron 1927 unidades.<\/span><\/strong><\/p>\n<figure id=\"attachment_44463\" aria-describedby=\"caption-attachment-44463\" style=\"width: 234px\" class=\"wp-caption alignleft\"><a href=\"https:\/\/contraluzcucuta.co\/wp-content\/uploads\/2025\/03\/AUTOS-NUEVOS-2.jpg\"><img loading=\"lazy\" decoding=\"async\" class=\" wp-image-44463\" src=\"https:\/\/contraluzcucuta.co\/wp-content\/uploads\/2025\/03\/AUTOS-NUEVOS-2.jpg\" alt=\"\" width=\"234\" height=\"156\" \/><\/a><figcaption id=\"caption-attachment-44463\" class=\"wp-caption-text\"><em>Foto: Referencia &#8211; 360 Radio<\/em><\/figcaption><\/figure>\n<p>En general, el sector motriz en Colombia mostr\u00f3 recuperaci\u00f3n en el \u00faltimo a\u00f1o. El incremento, frente al 2023, fue del 7,7 %. Ese crecimiento se alinea con la tendencia positiva en Am\u00e9rica Latina, donde las ventas de veh\u00edculos aumentaron 7,8 % y alcanzaron 5,6 millones de unidades.<\/p>\n<p>En lo corrido del 2025, entre enero y febrero, se observ\u00f3 recuperaci\u00f3n en el mercado y el incremento alcanz\u00f3 el 12,96 % en las ventas, Se pas\u00f3 de 247 unidades, en 2024, a 279 en los dos primeros meses del a\u00f1o.<\/p>\n<p>Seg\u00fan datos de la Gran Encuesta Integrada de Hogares (GEIH) del DANE, correspondientes al trimestre octubre-diciembre de 2024, las actividades relacionadas con el comercio y la reparaci\u00f3n de veh\u00edculos representaron el 24,1 % del total de ocupados en C\u00facuta. Este dato refleja la relevancia del sector entre los principales generadores de empleo en la ciudad y el impacto en la econom\u00eda local.<\/p>\n<p>\u201cLa ca\u00edda en la venta de veh\u00edculos nuevos en C\u00facuta refleja los desaf\u00edos del comercio formal en la regi\u00f3n\u201d, dijo Carlos Andr\u00e9s Pineda, presidente ejecutivo de Asopartes. Entre las causas del bajonazo en las ventas est\u00e1n la competencia desleal del contrabando y la expansi\u00f3n de mercados informales. Estos aspectos, adem\u00e1s de afectar la competitividad del sector, dificultan la reactivaci\u00f3n econ\u00f3mica y la consolidaci\u00f3n de un mercado estructurado y regulado.<\/p>\n","protected":false},"excerpt":{"rendered":"<p>C\u00daCUTA. Los cucute\u00f1os compraron menos veh\u00edculos nuevos, en el 2024, que el resto de colombianos. Mientras que en el pa\u00eds se registraron 201.219 unidades, en la capital de Norte de Santander salieron a las calles 1838. La ciudad experiment\u00f3 la disminuci\u00f3n del 4,6 % en las ventas, teniendo en cuenta que en el 2023 se &hellip;<\/p>\n","protected":false},"author":1,"featured_media":44462,"comment_status":"open","ping_status":"open","sticky":false,"template":"","format":"standard","meta":{"footnotes":""},"categories":[45,4],"tags":[5805,6949,6948],"class_list":["post-44461","post","type-post","status-publish","format-standard","has-post-thumbnail","hentry","category-destacado","category-barra","tag-asopartes","tag-gran-encuesta-integrada-de-hogares","tag-sector-motriz-en-colombia"],"_links":{"self":[{"href":"https:\/\/contraluzcucuta.co\/index.php?rest_route=\/wp\/v2\/posts\/44461","targetHints":{"allow":["GET"]}}],"collection":[{"href":"https:\/\/contraluzcucuta.co\/index.php?rest_route=\/wp\/v2\/posts"}],"about":[{"href":"https:\/\/contraluzcucuta.co\/index.php?rest_route=\/wp\/v2\/types\/post"}],"author":[{"embeddable":true,"href":"https:\/\/contraluzcucuta.co\/index.php?rest_route=\/wp\/v2\/users\/1"}],"replies":[{"embeddable":true,"href":"https:\/\/contraluzcucuta.co\/index.php?rest_route=%2Fwp%2Fv2%2Fcomments&post=44461"}],"version-history":[{"count":1,"href":"https:\/\/contraluzcucuta.co\/index.php?rest_route=\/wp\/v2\/posts\/44461\/revisions"}],"predecessor-version":[{"id":44464,"href":"https:\/\/contraluzcucuta.co\/index.php?rest_route=\/wp\/v2\/posts\/44461\/revisions\/44464"}],"wp:featuredmedia":[{"embeddable":true,"href":"https:\/\/contraluzcucuta.co\/index.php?rest_route=\/wp\/v2\/media\/44462"}],"wp:attachment":[{"href":"https:\/\/contraluzcucuta.co\/index.php?rest_route=%2Fwp%2Fv2%2Fmedia&parent=44461"}],"wp:term":[{"taxonomy":"category","embeddable":true,"href":"https:\/\/contraluzcucuta.co\/index.php?rest_route=%2Fwp%2Fv2%2Fcategories&post=44461"},{"taxonomy":"post_tag","embeddable":true,"href":"https:\/\/contraluzcucuta.co\/index.php?rest_route=%2Fwp%2Fv2%2Ftags&post=44461"}],"curies":[{"name":"wp","href":"https:\/\/api.w.org\/{rel}","templated":true}]}}