{"id":44417,"date":"2025-03-12T12:51:08","date_gmt":"2025-03-12T17:51:08","guid":{"rendered":"https:\/\/contraluzcucuta.co\/?p=44417"},"modified":"2025-03-12T12:51:08","modified_gmt":"2025-03-12T17:51:08","slug":"malla-vial-obras-de-recuperacion-no-se-detienen-en-cucuta","status":"publish","type":"post","link":"https:\/\/contraluzcucuta.co\/?p=44417","title":{"rendered":"MALLA VIAL. Obras de recuperaci\u00f3n no se detienen, en C\u00facuta"},"content":{"rendered":"<p style=\"text-align: right;\"><strong>C\u00daCUTA.<\/strong><\/p>\n<p><strong><span style=\"color: #ff9900;\">En las v\u00edas de las comunas 1, 2 y 10 se adelantan trabajos desde diciembre y se completan 13 puntos en ejecuci\u00f3n o ejecutados. El prop\u00f3sito es mejorar la movilidad de los cucute\u00f1os y garantizar mejores rutas de acceso al transporte p\u00fablico. La pavimentaci\u00f3n, tambi\u00e9n, avanza en las comunas 3 y 4.<\/span><\/strong><\/p>\n<p><a href=\"https:\/\/contraluzcucuta.co\/wp-content\/uploads\/2025\/03\/ALCALDIA-MALLA-VIAL-2.jpeg\"><img loading=\"lazy\" decoding=\"async\" class=\"alignnone  wp-image-44419 alignleft\" src=\"https:\/\/contraluzcucuta.co\/wp-content\/uploads\/2025\/03\/ALCALDIA-MALLA-VIAL-2-300x225.jpeg\" alt=\"\" width=\"244\" height=\"183\" srcset=\"https:\/\/contraluzcucuta.co\/wp-content\/uploads\/2025\/03\/ALCALDIA-MALLA-VIAL-2-300x225.jpeg 300w, https:\/\/contraluzcucuta.co\/wp-content\/uploads\/2025\/03\/ALCALDIA-MALLA-VIAL-2-600x450.jpeg 600w, https:\/\/contraluzcucuta.co\/wp-content\/uploads\/2025\/03\/ALCALDIA-MALLA-VIAL-2-1024x768.jpeg 1024w, https:\/\/contraluzcucuta.co\/wp-content\/uploads\/2025\/03\/ALCALDIA-MALLA-VIAL-2-768x576.jpeg 768w, https:\/\/contraluzcucuta.co\/wp-content\/uploads\/2025\/03\/ALCALDIA-MALLA-VIAL-2-1536x1152.jpeg 1536w, https:\/\/contraluzcucuta.co\/wp-content\/uploads\/2025\/03\/ALCALDIA-MALLA-VIAL-2.jpeg 1600w\" sizes=\"auto, (max-width: 244px) 100vw, 244px\" \/><\/a><\/p>\n<p>En la calle 17 entre avenidas 11 y 13 del barrio P\u00e1ramo, finalizaron las reparaciones de la calzada. En otros sectores, a pesar de los hallazgos que han retrasado el avance de las obras, se han buscado soluciones para entregar v\u00edas de calidad a la comunidad.<\/p>\n<p>\u201cEstamos interviniendo calles que se pavimentaron hace aproximadamente 100 a\u00f1os, por eso al abrir nos hemos encontrado con diferentes situaciones, por ejemplo, b\u00f3vedas o t\u00faneles grandes, y tambi\u00e9n temas de acueducto y alcantarillado que estamos tratando de solucionar de la mano con Aguas Kpital\u201d, dijo el alcalde Jorge Acevedo.<\/p>\n<p>Acerca del cr\u00e9dito solicitado por la Alcald\u00eda de C\u00facuta y que se encuentra con medidas cautelares, anot\u00f3 que \u201cesperamos que se pueda resolver en estos d\u00edas con celeridad por parte de jueces y magistrados\u201d. Los bancos hicieron los estudios y determinaron que el municipio tiene capacidad de endeudamiento.<\/p>\n<p>\u201cEntendemos el tema de la oposici\u00f3n y los intereses pol\u00edticos, pero esperamos que se levante pronto la medida para avanzar en obras que transformen la calidad de vida de los cucute\u00f1os\u201d, puntualiz\u00f3.<\/p>\n","protected":false},"excerpt":{"rendered":"<p>C\u00daCUTA. En las v\u00edas de las comunas 1, 2 y 10 se adelantan trabajos desde diciembre y se completan 13 puntos en ejecuci\u00f3n o ejecutados. El prop\u00f3sito es mejorar la movilidad de los cucute\u00f1os y garantizar mejores rutas de acceso al transporte p\u00fablico. La pavimentaci\u00f3n, tambi\u00e9n, avanza en las comunas 3 y 4. En la &hellip;<\/p>\n","protected":false},"author":1,"featured_media":44418,"comment_status":"open","ping_status":"open","sticky":false,"template":"","format":"standard","meta":{"footnotes":""},"categories":[2625,4,36],"tags":[],"class_list":["post-44417","post","type-post","status-publish","format-standard","has-post-thumbnail","hentry","category-alcaldia-de-cucuta","category-barra","category-la-voz-del-pueblo"],"_links":{"self":[{"href":"https:\/\/contraluzcucuta.co\/index.php?rest_route=\/wp\/v2\/posts\/44417","targetHints":{"allow":["GET"]}}],"collection":[{"href":"https:\/\/contraluzcucuta.co\/index.php?rest_route=\/wp\/v2\/posts"}],"about":[{"href":"https:\/\/contraluzcucuta.co\/index.php?rest_route=\/wp\/v2\/types\/post"}],"author":[{"embeddable":true,"href":"https:\/\/contraluzcucuta.co\/index.php?rest_route=\/wp\/v2\/users\/1"}],"replies":[{"embeddable":true,"href":"https:\/\/contraluzcucuta.co\/index.php?rest_route=%2Fwp%2Fv2%2Fcomments&post=44417"}],"version-history":[{"count":1,"href":"https:\/\/contraluzcucuta.co\/index.php?rest_route=\/wp\/v2\/posts\/44417\/revisions"}],"predecessor-version":[{"id":44420,"href":"https:\/\/contraluzcucuta.co\/index.php?rest_route=\/wp\/v2\/posts\/44417\/revisions\/44420"}],"wp:featuredmedia":[{"embeddable":true,"href":"https:\/\/contraluzcucuta.co\/index.php?rest_route=\/wp\/v2\/media\/44418"}],"wp:attachment":[{"href":"https:\/\/contraluzcucuta.co\/index.php?rest_route=%2Fwp%2Fv2%2Fmedia&parent=44417"}],"wp:term":[{"taxonomy":"category","embeddable":true,"href":"https:\/\/contraluzcucuta.co\/index.php?rest_route=%2Fwp%2Fv2%2Fcategories&post=44417"},{"taxonomy":"post_tag","embeddable":true,"href":"https:\/\/contraluzcucuta.co\/index.php?rest_route=%2Fwp%2Fv2%2Ftags&post=44417"}],"curies":[{"name":"wp","href":"https:\/\/api.w.org\/{rel}","templated":true}]}}