{"id":44413,"date":"2025-03-09T11:12:24","date_gmt":"2025-03-09T16:12:24","guid":{"rendered":"https:\/\/contraluzcucuta.co\/?p=44413"},"modified":"2025-03-09T11:12:24","modified_gmt":"2025-03-09T16:12:24","slug":"mujeres-firmantes-de-paz-colcha-de-retazos-con-retratos-de-las-manos-de-desplazadas","status":"publish","type":"post","link":"https:\/\/contraluzcucuta.co\/?p=44413","title":{"rendered":"MUJERES FIRMANTES DE PAZ. Colcha de retazos con retratos de las manos de desplazadas"},"content":{"rendered":"<p style=\"text-align: right;\"><strong>C\u00daCUTA.<\/strong><\/p>\n<p><strong><span style=\"color: #ff9900;\">Madres y lideresas representaron a las firmantes de paz en desarrollo del proyecto #UnaManoAlCatatumbo. Retrataron las manos de desplazadas en la subregi\u00f3n.<\/span><\/strong><\/p>\n<p><a href=\"https:\/\/contraluzcucuta.co\/wp-content\/uploads\/2025\/03\/ARN-COLCHA-DE-RETAZOS-2.jpeg\"><img loading=\"lazy\" decoding=\"async\" class=\"alignnone  wp-image-44415 alignleft\" src=\"https:\/\/contraluzcucuta.co\/wp-content\/uploads\/2025\/03\/ARN-COLCHA-DE-RETAZOS-2-300x225.jpeg\" alt=\"\" width=\"252\" height=\"189\" srcset=\"https:\/\/contraluzcucuta.co\/wp-content\/uploads\/2025\/03\/ARN-COLCHA-DE-RETAZOS-2-300x225.jpeg 300w, https:\/\/contraluzcucuta.co\/wp-content\/uploads\/2025\/03\/ARN-COLCHA-DE-RETAZOS-2-600x450.jpeg 600w, https:\/\/contraluzcucuta.co\/wp-content\/uploads\/2025\/03\/ARN-COLCHA-DE-RETAZOS-2-1024x768.jpeg 1024w, https:\/\/contraluzcucuta.co\/wp-content\/uploads\/2025\/03\/ARN-COLCHA-DE-RETAZOS-2-768x576.jpeg 768w, https:\/\/contraluzcucuta.co\/wp-content\/uploads\/2025\/03\/ARN-COLCHA-DE-RETAZOS-2-1536x1152.jpeg 1536w, https:\/\/contraluzcucuta.co\/wp-content\/uploads\/2025\/03\/ARN-COLCHA-DE-RETAZOS-2.jpeg 1600w\" sizes=\"auto, (max-width: 252px) 100vw, 252px\" \/><\/a><\/p>\n<p>La muestra art\u00edstica llevada a cabo en C\u00facuta se uni\u00f3 a la movilizaci\u00f3n del 8 de marzo, coordinada por las #MujeresSoberanas para alzar la voz y reafirmar el compromiso con la paz.<\/p>\n<p>Entre tanto, en Bogot\u00e1, 3010 mujeres que firmaron el Acuerdo de Paz y lideresas en sus comunidades, trabajan en proyectos productivos individuales y colectivos para avanzar en la autonom\u00eda econ\u00f3mica, que les permite generar recursos econ\u00f3micos y tener control sobre personal y familiar.<\/p>\n<ul>\n<li>Las mujeres firmantes representan el 27 % del total de personas en proceso de reincorporaci\u00f3n.<\/li>\n<li>De las 3010, 2765 han recibido desembolsos para el desarrollo de proyectos productivos.<\/li>\n<li>Las modalidades colectivas e individuales son: agr\u00edcolas (123 proyectos), comercio (534 proyectos), industrial (91 proyectos), pecuario (727 proyectos) y servicios (154 proyectos).<\/li>\n<li>Los proyectos cuentan con una inversi\u00f3n total de $ 19.934 millones provenientes del Presupuesto General de la Naci\u00f3n.<\/li>\n<li>Veinte iniciativas productivas colectivas lideradas por mujeres han ingresado a la Estrategia de Sostenibilidad con planes de fortalecimiento y recursos asignados para garantizar su continuidad.<\/li>\n<\/ul>\n<p>Alejandra Miller, directora de la ARN, resalt\u00f3 el papel de las mujeres firmantes de paz, quienes en medio de dificultades y de retos avanzan en los procesos de construcci\u00f3n, de cambio, de paz. \u201cEstos retos y dificultades est\u00e1n asociados a la recarga del trabajo, del cuidado, a las dificultades en el acceso al empleo\u201d.<\/p>\n","protected":false},"excerpt":{"rendered":"<p>C\u00daCUTA. Madres y lideresas representaron a las firmantes de paz en desarrollo del proyecto #UnaManoAlCatatumbo. Retrataron las manos de desplazadas en la subregi\u00f3n. La muestra art\u00edstica llevada a cabo en C\u00facuta se uni\u00f3 a la movilizaci\u00f3n del 8 de marzo, coordinada por las #MujeresSoberanas para alzar la voz y reafirmar el compromiso con la paz. &hellip;<\/p>\n","protected":false},"author":1,"featured_media":44414,"comment_status":"open","ping_status":"open","sticky":false,"template":"","format":"standard","meta":{"footnotes":""},"categories":[4,36],"tags":[6942,6941,6815,6886],"class_list":["post-44413","post","type-post","status-publish","format-standard","has-post-thumbnail","hentry","category-barra","category-la-voz-del-pueblo","tag-mujeressoberanas","tag-unamanoalcatatumbo","tag-arn-en-norte-de-santander","tag-firmantes-de-paz"],"_links":{"self":[{"href":"https:\/\/contraluzcucuta.co\/index.php?rest_route=\/wp\/v2\/posts\/44413","targetHints":{"allow":["GET"]}}],"collection":[{"href":"https:\/\/contraluzcucuta.co\/index.php?rest_route=\/wp\/v2\/posts"}],"about":[{"href":"https:\/\/contraluzcucuta.co\/index.php?rest_route=\/wp\/v2\/types\/post"}],"author":[{"embeddable":true,"href":"https:\/\/contraluzcucuta.co\/index.php?rest_route=\/wp\/v2\/users\/1"}],"replies":[{"embeddable":true,"href":"https:\/\/contraluzcucuta.co\/index.php?rest_route=%2Fwp%2Fv2%2Fcomments&post=44413"}],"version-history":[{"count":1,"href":"https:\/\/contraluzcucuta.co\/index.php?rest_route=\/wp\/v2\/posts\/44413\/revisions"}],"predecessor-version":[{"id":44416,"href":"https:\/\/contraluzcucuta.co\/index.php?rest_route=\/wp\/v2\/posts\/44413\/revisions\/44416"}],"wp:featuredmedia":[{"embeddable":true,"href":"https:\/\/contraluzcucuta.co\/index.php?rest_route=\/wp\/v2\/media\/44414"}],"wp:attachment":[{"href":"https:\/\/contraluzcucuta.co\/index.php?rest_route=%2Fwp%2Fv2%2Fmedia&parent=44413"}],"wp:term":[{"taxonomy":"category","embeddable":true,"href":"https:\/\/contraluzcucuta.co\/index.php?rest_route=%2Fwp%2Fv2%2Fcategories&post=44413"},{"taxonomy":"post_tag","embeddable":true,"href":"https:\/\/contraluzcucuta.co\/index.php?rest_route=%2Fwp%2Fv2%2Ftags&post=44413"}],"curies":[{"name":"wp","href":"https:\/\/api.w.org\/{rel}","templated":true}]}}