{"id":44404,"date":"2025-03-09T09:48:11","date_gmt":"2025-03-09T14:48:11","guid":{"rendered":"https:\/\/contraluzcucuta.co\/?p=44404"},"modified":"2025-03-09T09:48:11","modified_gmt":"2025-03-09T14:48:11","slug":"exposicion-regional-santanderes-espacio-para-el-arte-popular-y-la-diversidad-cultural","status":"publish","type":"post","link":"https:\/\/contraluzcucuta.co\/?p=44404","title":{"rendered":"EXPOSICI\u00d3N REGIONAL SANTANDERES. Espacio para el arte popular y la diversidad cultural"},"content":{"rendered":"<p style=\"text-align: right;\"><strong>BUCARAMANGA.<\/strong><\/p>\n<p><strong><span style=\"color: #ff9900;\"> Artistas emp\u00edricos de Santander y Norte de Santander exhiben, simult\u00e1neamente, sus obras en la sede de la Alianza Francesa de Bucaramanga y la Casona UNAB. La exposici\u00f3n, que estar\u00e1 abierta hasta el 29 de marzo, hace parte del VIII Sal\u00f3n BAT de Arte Popular, Colombia diversidad cultural y natural y rendir\u00e1 homenaje al maestro Santiago Cifuentes Mej\u00eda.<\/span><\/strong><\/p>\n<p><a href=\"https:\/\/contraluzcucuta.co\/wp-content\/uploads\/2025\/03\/EXPOSICION-REGIONAL-SANTANDERES-2.avif\"><img loading=\"lazy\" decoding=\"async\" class=\"alignnone  wp-image-44406 alignleft\" src=\"https:\/\/contraluzcucuta.co\/wp-content\/uploads\/2025\/03\/EXPOSICION-REGIONAL-SANTANDERES-2.avif\" alt=\"\" width=\"298\" height=\"280\" \/><\/a><\/p>\n<p>El prop\u00f3sito es fortalecer el arte popular en el pa\u00eds. La iniciativa ha logrado consolidarse como plataforma para la visibilizaci\u00f3n del arte emp\u00edrico. La exposici\u00f3n resaltar\u00e1 la creatividad y la t\u00e9cnica de los artistas, y propone un di\u00e1logo sobre el arte como herramienta de expresi\u00f3n social, cultural y ambiental.<\/p>\n<ul>\n<li>Conversatorio &#8220;El poder del Arte Popular&#8221;. 13 de marzo, 6:00 de la tarde. Eduardo Serrano, Annabella Otero Berrocal y Santiago Cifuentes abordar\u00e1n el papel del arte popular en la cultura y la sociedad.<\/li>\n<li>Inauguraci\u00f3n oficial de la exposici\u00f3n. 13 de marzo, 7:00 de la noche. Evento simult\u00e1neo en la Alianza Francesa de Bucaramanga y la Casona UNAB.<\/li>\n<li>Taller &#8220;Reciclar y Reutilizar, Esculturas Sostenibles&#8221;. 14 de marzo, 9:00 de la ma\u00f1ana. Dictado por Santiago Cifuentes, este taller introducir\u00e1 t\u00e9cnicas de modelado en arcilla y escultura en miniatura.<\/li>\n<li>Taller &#8220;La Marca del Artista \u2013 Segunda Parte&#8221;. 3 de abril, 9:00 de la ma\u00f1ana. Continuaci\u00f3n del programa de formaci\u00f3n en emprendimiento para artistas.<\/li>\n<\/ul>\n","protected":false},"excerpt":{"rendered":"<p>BUCARAMANGA. Artistas emp\u00edricos de Santander y Norte de Santander exhiben, simult\u00e1neamente, sus obras en la sede de la Alianza Francesa de Bucaramanga y la Casona UNAB. La exposici\u00f3n, que estar\u00e1 abierta hasta el 29 de marzo, hace parte del VIII Sal\u00f3n BAT de Arte Popular, Colombia diversidad cultural y natural y rendir\u00e1 homenaje al maestro &hellip;<\/p>\n","protected":false},"author":1,"featured_media":44405,"comment_status":"open","ping_status":"open","sticky":false,"template":"","format":"standard","meta":{"footnotes":""},"categories":[4,37],"tags":[6934,6933,6935,6937,6936],"class_list":["post-44404","post","type-post","status-publish","format-standard","has-post-thumbnail","hentry","category-barra","category-paseo-cultural","tag-alianza-francesa-de-bucaramanga","tag-artistas-empiricos","tag-casona-unab","tag-exposicion-regional-santanderes","tag-salon-bat-de-arte-popular"],"_links":{"self":[{"href":"https:\/\/contraluzcucuta.co\/index.php?rest_route=\/wp\/v2\/posts\/44404","targetHints":{"allow":["GET"]}}],"collection":[{"href":"https:\/\/contraluzcucuta.co\/index.php?rest_route=\/wp\/v2\/posts"}],"about":[{"href":"https:\/\/contraluzcucuta.co\/index.php?rest_route=\/wp\/v2\/types\/post"}],"author":[{"embeddable":true,"href":"https:\/\/contraluzcucuta.co\/index.php?rest_route=\/wp\/v2\/users\/1"}],"replies":[{"embeddable":true,"href":"https:\/\/contraluzcucuta.co\/index.php?rest_route=%2Fwp%2Fv2%2Fcomments&post=44404"}],"version-history":[{"count":1,"href":"https:\/\/contraluzcucuta.co\/index.php?rest_route=\/wp\/v2\/posts\/44404\/revisions"}],"predecessor-version":[{"id":44407,"href":"https:\/\/contraluzcucuta.co\/index.php?rest_route=\/wp\/v2\/posts\/44404\/revisions\/44407"}],"wp:featuredmedia":[{"embeddable":true,"href":"https:\/\/contraluzcucuta.co\/index.php?rest_route=\/wp\/v2\/media\/44405"}],"wp:attachment":[{"href":"https:\/\/contraluzcucuta.co\/index.php?rest_route=%2Fwp%2Fv2%2Fmedia&parent=44404"}],"wp:term":[{"taxonomy":"category","embeddable":true,"href":"https:\/\/contraluzcucuta.co\/index.php?rest_route=%2Fwp%2Fv2%2Fcategories&post=44404"},{"taxonomy":"post_tag","embeddable":true,"href":"https:\/\/contraluzcucuta.co\/index.php?rest_route=%2Fwp%2Fv2%2Ftags&post=44404"}],"curies":[{"name":"wp","href":"https:\/\/api.w.org\/{rel}","templated":true}]}}