{"id":44400,"date":"2025-03-09T09:21:07","date_gmt":"2025-03-09T14:21:07","guid":{"rendered":"https:\/\/contraluzcucuta.co\/?p=44400"},"modified":"2025-03-09T09:21:07","modified_gmt":"2025-03-09T14:21:07","slug":"accion-unificada-del-estado-ejercito-construira-transversal-de-el-catatumbo","status":"publish","type":"post","link":"https:\/\/contraluzcucuta.co\/?p=44400","title":{"rendered":"ACCI\u00d3N UNIFICADA DEL ESTADO. Ej\u00e9rcito construir\u00e1 Transversal de El Catatumbo"},"content":{"rendered":"<p style=\"text-align: right;\"><strong>BOGOT\u00c1.<\/strong><\/p>\n<p><strong><span style=\"color: #ff9900;\">Ingenieros militares estar\u00e1n a cargo de la construcci\u00f3n de la Transversal de El Catatumbo, con el objetivo de impulsar el desarrollo y la conectividad de una de las zonas m\u00e1s vulnerables del pa\u00eds.<\/span><\/strong><\/p>\n<p>El proyecto, anunciado por el general Luis Emilio Cardozo, busca replicar el \u00e9xito de la v\u00eda Tib\u00fa-La Gabarra. Integra la participaci\u00f3n de las comunidades locales y el apoyo del Gobierno, Inv\u00edas y Ministerio de Transporte.<\/p>\n<p>El primer paso ser\u00e1n los reconocimientos en Convenci\u00f3n para verificar y actualizar el dise\u00f1o inicial proporcionado por Inv\u00edas. Una vez asignados los recursos, el batall\u00f3n de construcciones especializado comenzar\u00e1 las obras.<\/p>\n<p>El proyecto apunta a mejorar la infraestructura vial, a fortalecer el tejido social y a promover la seguridad en una regi\u00f3n marcada por el conflicto armado, bajo el enfoque de \u00abacci\u00f3n unificada del Estado\u00bb.<\/p>\n<p>Fuente: Prensa Comandante<\/p>\n","protected":false},"excerpt":{"rendered":"<p>BOGOT\u00c1. Ingenieros militares estar\u00e1n a cargo de la construcci\u00f3n de la Transversal de El Catatumbo, con el objetivo de impulsar el desarrollo y la conectividad de una de las zonas m\u00e1s vulnerables del pa\u00eds. El proyecto, anunciado por el general Luis Emilio Cardozo, busca replicar el \u00e9xito de la v\u00eda Tib\u00fa-La Gabarra. Integra la participaci\u00f3n &hellip;<\/p>\n","protected":false},"author":1,"featured_media":44401,"comment_status":"open","ping_status":"open","sticky":false,"template":"","format":"standard","meta":{"footnotes":""},"categories":[11,4],"tags":[393,3420,6932],"class_list":["post-44400","post","type-post","status-publish","format-standard","has-post-thumbnail","hentry","category-cronica-roja","category-barra","tag-invias","tag-ministerio-de-transporte","tag-transversal-de-el-catatumbo"],"_links":{"self":[{"href":"https:\/\/contraluzcucuta.co\/index.php?rest_route=\/wp\/v2\/posts\/44400","targetHints":{"allow":["GET"]}}],"collection":[{"href":"https:\/\/contraluzcucuta.co\/index.php?rest_route=\/wp\/v2\/posts"}],"about":[{"href":"https:\/\/contraluzcucuta.co\/index.php?rest_route=\/wp\/v2\/types\/post"}],"author":[{"embeddable":true,"href":"https:\/\/contraluzcucuta.co\/index.php?rest_route=\/wp\/v2\/users\/1"}],"replies":[{"embeddable":true,"href":"https:\/\/contraluzcucuta.co\/index.php?rest_route=%2Fwp%2Fv2%2Fcomments&post=44400"}],"version-history":[{"count":1,"href":"https:\/\/contraluzcucuta.co\/index.php?rest_route=\/wp\/v2\/posts\/44400\/revisions"}],"predecessor-version":[{"id":44402,"href":"https:\/\/contraluzcucuta.co\/index.php?rest_route=\/wp\/v2\/posts\/44400\/revisions\/44402"}],"wp:featuredmedia":[{"embeddable":true,"href":"https:\/\/contraluzcucuta.co\/index.php?rest_route=\/wp\/v2\/media\/44401"}],"wp:attachment":[{"href":"https:\/\/contraluzcucuta.co\/index.php?rest_route=%2Fwp%2Fv2%2Fmedia&parent=44400"}],"wp:term":[{"taxonomy":"category","embeddable":true,"href":"https:\/\/contraluzcucuta.co\/index.php?rest_route=%2Fwp%2Fv2%2Fcategories&post=44400"},{"taxonomy":"post_tag","embeddable":true,"href":"https:\/\/contraluzcucuta.co\/index.php?rest_route=%2Fwp%2Fv2%2Ftags&post=44400"}],"curies":[{"name":"wp","href":"https:\/\/api.w.org\/{rel}","templated":true}]}}