{"id":44393,"date":"2025-03-08T10:08:54","date_gmt":"2025-03-08T15:08:54","guid":{"rendered":"https:\/\/contraluzcucuta.co\/?p=44393"},"modified":"2025-03-08T10:08:54","modified_gmt":"2025-03-08T15:08:54","slug":"comunidad-yukpa-estudiantes-desarrollan-proyecto-que-integra-la-naturaleza-y-el-arte","status":"publish","type":"post","link":"https:\/\/contraluzcucuta.co\/?p=44393","title":{"rendered":"COMUNIDAD YUKPA. Estudiantes desarrollan proyecto que integra la naturaleza y el arte"},"content":{"rendered":"<p style=\"text-align: right;\"><strong>C\u00daCUTA.<\/strong><\/p>\n<p><strong><span style=\"color: #ff9900;\">Noventa y nueve j\u00f3venes de la comunidad ind\u00edgena Yukpa contin\u00faan el proceso de aprendizaje continuo y de calidad en la Instituci\u00f3n Educativa Sim\u00f3n Bol\u00edvar, sede San Mart\u00edn. Tres docentes de planta respaldan la educaci\u00f3n de estos estudiantes sin interrupciones a lo largo del a\u00f1o escolar.<\/span><\/strong><\/p>\n<p><a href=\"https:\/\/contraluzcucuta.co\/wp-content\/uploads\/2025\/03\/COMUNIDAD-YUKPA-3-scaled.jpeg\"><img loading=\"lazy\" decoding=\"async\" class=\"alignnone  wp-image-44395 alignleft\" src=\"https:\/\/contraluzcucuta.co\/wp-content\/uploads\/2025\/03\/COMUNIDAD-YUKPA-3-300x225.jpeg\" alt=\"\" width=\"245\" height=\"184\" srcset=\"https:\/\/contraluzcucuta.co\/wp-content\/uploads\/2025\/03\/COMUNIDAD-YUKPA-3-300x225.jpeg 300w, https:\/\/contraluzcucuta.co\/wp-content\/uploads\/2025\/03\/COMUNIDAD-YUKPA-3-scaled-600x450.jpeg 600w, https:\/\/contraluzcucuta.co\/wp-content\/uploads\/2025\/03\/COMUNIDAD-YUKPA-3-1024x768.jpeg 1024w, https:\/\/contraluzcucuta.co\/wp-content\/uploads\/2025\/03\/COMUNIDAD-YUKPA-3-768x576.jpeg 768w, https:\/\/contraluzcucuta.co\/wp-content\/uploads\/2025\/03\/COMUNIDAD-YUKPA-3-1536x1152.jpeg 1536w, https:\/\/contraluzcucuta.co\/wp-content\/uploads\/2025\/03\/COMUNIDAD-YUKPA-3-2048x1536.jpeg 2048w\" sizes=\"auto, (max-width: 245px) 100vw, 245px\" \/><\/a><\/p>\n<p>El compromiso con la educaci\u00f3n intercultural es un esfuerzo conjunto para fortalecer la inclusi\u00f3n educativa. La Secretar\u00eda de Educaci\u00f3n Municipal ha garantizado el acceso al Programa de Alimentaci\u00f3n Escolar (PAE) y al transporte escolar, para asegurar la permanencia en el sistema educativo.<\/p>\n<p>Ochenta y cinco estudiantes Yukpa recibieron kits escolares que contribuir\u00e1n al desarrollo de las actividades acad\u00e9micas. \u201cEsperamos que estos \u00fatiles sean de gran apoyo para el desarrollo de sus actividades diarias\u201d, dijo el secretario de Educaci\u00f3n, C\u00e9sar Ricardo Rojas.<\/p>\n<p>La educaci\u00f3n intercultural desempe\u00f1a papel fundamental en la promoci\u00f3n del respeto y la valoraci\u00f3n de la diversidad cultural. La adaptaci\u00f3n del curr\u00edculo escolar para incluir elementos de la cultura Yukpa mejora el proceso de aprendizaje y permite a los estudiantes conectar los conocimientos adquiridos con la realidad y el contexto cultural.<\/p>\n<p>Los alumnos yukpas han desarrollado un proyecto que integra la siembra y el arte. Inspirados por las ense\u00f1anzas de los caciques, los j\u00f3venes cultivan plantas en recipientes reciclados y decorados con los rostros de seres queridos.<\/p>\n<p>La iniciativa fortalece el v\u00ednculo con las ra\u00edces y fomenta la conciencia ambiental y el reciclaje desde la escuela.<\/p>\n","protected":false},"excerpt":{"rendered":"<p>C\u00daCUTA. Noventa y nueve j\u00f3venes de la comunidad ind\u00edgena Yukpa contin\u00faan el proceso de aprendizaje continuo y de calidad en la Instituci\u00f3n Educativa Sim\u00f3n Bol\u00edvar, sede San Mart\u00edn. Tres docentes de planta respaldan la educaci\u00f3n de estos estudiantes sin interrupciones a lo largo del a\u00f1o escolar. El compromiso con la educaci\u00f3n intercultural es un esfuerzo &hellip;<\/p>\n","protected":false},"author":1,"featured_media":44394,"comment_status":"open","ping_status":"open","sticky":false,"template":"","format":"standard","meta":{"footnotes":""},"categories":[4,36],"tags":[6369,6928,3202],"class_list":["post-44393","post","type-post","status-publish","format-standard","has-post-thumbnail","hentry","category-barra","category-la-voz-del-pueblo","tag-comunidad-indigena-yukpa","tag-institucion-educativa-simon-bolivar","tag-secretaria-de-educacion-municipal"],"_links":{"self":[{"href":"https:\/\/contraluzcucuta.co\/index.php?rest_route=\/wp\/v2\/posts\/44393","targetHints":{"allow":["GET"]}}],"collection":[{"href":"https:\/\/contraluzcucuta.co\/index.php?rest_route=\/wp\/v2\/posts"}],"about":[{"href":"https:\/\/contraluzcucuta.co\/index.php?rest_route=\/wp\/v2\/types\/post"}],"author":[{"embeddable":true,"href":"https:\/\/contraluzcucuta.co\/index.php?rest_route=\/wp\/v2\/users\/1"}],"replies":[{"embeddable":true,"href":"https:\/\/contraluzcucuta.co\/index.php?rest_route=%2Fwp%2Fv2%2Fcomments&post=44393"}],"version-history":[{"count":1,"href":"https:\/\/contraluzcucuta.co\/index.php?rest_route=\/wp\/v2\/posts\/44393\/revisions"}],"predecessor-version":[{"id":44396,"href":"https:\/\/contraluzcucuta.co\/index.php?rest_route=\/wp\/v2\/posts\/44393\/revisions\/44396"}],"wp:featuredmedia":[{"embeddable":true,"href":"https:\/\/contraluzcucuta.co\/index.php?rest_route=\/wp\/v2\/media\/44394"}],"wp:attachment":[{"href":"https:\/\/contraluzcucuta.co\/index.php?rest_route=%2Fwp%2Fv2%2Fmedia&parent=44393"}],"wp:term":[{"taxonomy":"category","embeddable":true,"href":"https:\/\/contraluzcucuta.co\/index.php?rest_route=%2Fwp%2Fv2%2Fcategories&post=44393"},{"taxonomy":"post_tag","embeddable":true,"href":"https:\/\/contraluzcucuta.co\/index.php?rest_route=%2Fwp%2Fv2%2Ftags&post=44393"}],"curies":[{"name":"wp","href":"https:\/\/api.w.org\/{rel}","templated":true}]}}