{"id":44361,"date":"2025-03-02T10:12:40","date_gmt":"2025-03-02T15:12:40","guid":{"rendered":"https:\/\/contraluzcucuta.co\/?p=44361"},"modified":"2025-03-02T10:12:40","modified_gmt":"2025-03-02T15:12:40","slug":"universidad-de-el-catatumbo-examinarian-campo-de-ecopetrol-en-tibu-para-la-sede","status":"publish","type":"post","link":"https:\/\/contraluzcucuta.co\/?p=44361","title":{"rendered":"UNIVERSIDAD DE EL CATATUMBO. Examinar\u00edan campo de Ecopetrol en Tib\u00fa para la sede"},"content":{"rendered":"<p style=\"padding-left: 40px; text-align: right;\"><strong><span style=\"color: #ff9900;\">SU\u00c1REZ \u2013 Cauca.- La infraestructura existente en el campo de Ecopetrol, en Tib\u00fa, \u201cperfectamente podr\u00eda ser sede de la universidad\u201d de El Catatumbo. As\u00ed lo sugiri\u00f3 el presidente Gustavo Petro al anunciar la partida adicional de $ 2,1 billones, para este a\u00f1o, destinada exclusivamente a aumentar la cobertura de la educaci\u00f3n superior p\u00fablica en Colombia.<\/span><\/strong><\/p>\n<p>Se\u00f1al\u00f3 que los programas pueden implementarse, sin necesidad de grandes obras de infraestructura, y propuso \u201cexpandir ese sistema de educaci\u00f3n superior en los colegios mismos, porque en los \u00faltimos a\u00f1os, como debe hacerse con programaci\u00f3n, por ejemplo, se puede impartir educaci\u00f3n superior acreditada en el colegio mismo&#8217;.<\/p>\n<p>El mandatario confirm\u00f3 que se ha incrementado en 122.000 los cupos de acceso a la universidad p\u00fablica en el pa\u00eds, para beneficio de las regiones. Advirti\u00f3 que esos dineros no deben desviarse al pago de pensiones, contratos o partidas diferentes a la financiaci\u00f3n de la educaci\u00f3n de la juventud y al aumento de la tasa de cobertura<\/p>\n<figure id=\"attachment_44363\" aria-describedby=\"caption-attachment-44363\" style=\"width: 254px\" class=\"wp-caption alignleft\"><a href=\"https:\/\/contraluzcucuta.co\/wp-content\/uploads\/2025\/03\/CATATUMBO-ESTUDIANTES-2.jpg\"><img loading=\"lazy\" decoding=\"async\" class=\" wp-image-44363\" src=\"https:\/\/contraluzcucuta.co\/wp-content\/uploads\/2025\/03\/CATATUMBO-ESTUDIANTES-2-300x169.jpg\" alt=\"\" width=\"254\" height=\"143\" srcset=\"https:\/\/contraluzcucuta.co\/wp-content\/uploads\/2025\/03\/CATATUMBO-ESTUDIANTES-2-300x169.jpg 300w, https:\/\/contraluzcucuta.co\/wp-content\/uploads\/2025\/03\/CATATUMBO-ESTUDIANTES-2-600x338.jpg 600w, https:\/\/contraluzcucuta.co\/wp-content\/uploads\/2025\/03\/CATATUMBO-ESTUDIANTES-2-1024x576.jpg 1024w, https:\/\/contraluzcucuta.co\/wp-content\/uploads\/2025\/03\/CATATUMBO-ESTUDIANTES-2-768x432.jpg 768w, https:\/\/contraluzcucuta.co\/wp-content\/uploads\/2025\/03\/CATATUMBO-ESTUDIANTES-2.jpg 1280w\" sizes=\"auto, (max-width: 254px) 100vw, 254px\" \/><\/a><figcaption id=\"caption-attachment-44363\" class=\"wp-caption-text\"><em>Foto: Agencia de Renovaci\u00f3n del Territorio<\/em><\/figcaption><\/figure>\n<p>En otro anuncio que beneficia a los j\u00f3venes de El Catatumbo se dijo que tendr\u00e1n acceso a la ampliaci\u00f3n de 30 cupos en programas de educaci\u00f3n de medicina, nutrici\u00f3n y diet\u00e9tica, fisioterapia, fonoaudiolog\u00eda y terapia ocupacional.<\/p>\n<p>La propuesta fue presentada en C\u00facuta a los alcaldes de Sardinata, El Tarra, Convenci\u00f3n, Teorama, San Calixto, Hacar\u00ed y El Carmen, en desarrollo de la estrategia Juntos por el Catatumbo. La iniciativa hace parte del Programa de Admisi\u00f3n Especial con Enfoque Territorial (PAET), que ha permitido a j\u00f3venes de otras regiones del pa\u00eds formarse en diversas \u00e1reas del conocimiento en cumplimiento de la misi\u00f3n de la Universidad Nacional con la sociedad colombiana.<\/p>\n<p>Esta iniciativa para los j\u00f3venes representa un avance significativo en el acceso a la educaci\u00f3n superior y el cierre de brechas en la regi\u00f3n, aline\u00e1ndose con los objetivos del Pacto por el Catatumbo y con la apuesta del Gobierno nacional por la transformaci\u00f3n del territorio a trav\u00e9s de la educaci\u00f3n y la salud.<\/p>\n","protected":false},"excerpt":{"rendered":"<p>SU\u00c1REZ \u2013 Cauca.- La infraestructura existente en el campo de Ecopetrol, en Tib\u00fa, \u201cperfectamente podr\u00eda ser sede de la universidad\u201d de El Catatumbo. As\u00ed lo sugiri\u00f3 el presidente Gustavo Petro al anunciar la partida adicional de $ 2,1 billones, para este a\u00f1o, destinada exclusivamente a aumentar la cobertura de la educaci\u00f3n superior p\u00fablica en Colombia. &hellip;<\/p>\n","protected":false},"author":1,"featured_media":44362,"comment_status":"open","ping_status":"open","sticky":false,"template":"","format":"standard","meta":{"footnotes":""},"categories":[45,4],"tags":[767,6920,246,3738],"class_list":["post-44361","post","type-post","status-publish","format-standard","has-post-thumbnail","hentry","category-destacado","category-barra","tag-ecopetrol","tag-ecopetrol-en-tibu","tag-el-catatumbo","tag-universidad-de-el-catatumbo"],"_links":{"self":[{"href":"https:\/\/contraluzcucuta.co\/index.php?rest_route=\/wp\/v2\/posts\/44361","targetHints":{"allow":["GET"]}}],"collection":[{"href":"https:\/\/contraluzcucuta.co\/index.php?rest_route=\/wp\/v2\/posts"}],"about":[{"href":"https:\/\/contraluzcucuta.co\/index.php?rest_route=\/wp\/v2\/types\/post"}],"author":[{"embeddable":true,"href":"https:\/\/contraluzcucuta.co\/index.php?rest_route=\/wp\/v2\/users\/1"}],"replies":[{"embeddable":true,"href":"https:\/\/contraluzcucuta.co\/index.php?rest_route=%2Fwp%2Fv2%2Fcomments&post=44361"}],"version-history":[{"count":1,"href":"https:\/\/contraluzcucuta.co\/index.php?rest_route=\/wp\/v2\/posts\/44361\/revisions"}],"predecessor-version":[{"id":44364,"href":"https:\/\/contraluzcucuta.co\/index.php?rest_route=\/wp\/v2\/posts\/44361\/revisions\/44364"}],"wp:featuredmedia":[{"embeddable":true,"href":"https:\/\/contraluzcucuta.co\/index.php?rest_route=\/wp\/v2\/media\/44362"}],"wp:attachment":[{"href":"https:\/\/contraluzcucuta.co\/index.php?rest_route=%2Fwp%2Fv2%2Fmedia&parent=44361"}],"wp:term":[{"taxonomy":"category","embeddable":true,"href":"https:\/\/contraluzcucuta.co\/index.php?rest_route=%2Fwp%2Fv2%2Fcategories&post=44361"},{"taxonomy":"post_tag","embeddable":true,"href":"https:\/\/contraluzcucuta.co\/index.php?rest_route=%2Fwp%2Fv2%2Ftags&post=44361"}],"curies":[{"name":"wp","href":"https:\/\/api.w.org\/{rel}","templated":true}]}}