{"id":44344,"date":"2025-03-02T08:20:50","date_gmt":"2025-03-02T13:20:50","guid":{"rendered":"https:\/\/contraluzcucuta.co\/?p=44344"},"modified":"2025-03-02T08:20:50","modified_gmt":"2025-03-02T13:20:50","slug":"premios-la-bagatela-2025-extienden-convocatoria-medios-venezolanos-fronterizos","status":"publish","type":"post","link":"https:\/\/contraluzcucuta.co\/?p=44344","title":{"rendered":"PREMIOS LA BAGATELA 2025. Extienden convocatoria medios venezolanos fronterizos"},"content":{"rendered":"<p><strong><span style=\"color: #ff9900;\">C\u00daCUTA.- La novena versi\u00f3n del Premio Nacional de Periodismo La Bagatela, en este 2025, tiene como novedad la extensi\u00f3n de la convocatoria a los medios venezolanos fronterizos con Colombia. La invitaci\u00f3n a concursar es para comunicadores y periodistas del pa\u00eds.<\/span><\/strong><\/p>\n<p>Los participantes podr\u00e1n inscribir trabajos en una de las siguientes categor\u00edas: Prensa,\u00a0 Radio, Televisi\u00f3n, Fotograf\u00eda, Caricatura, Medios Digitales, Cine Documental y Tesis de Grado\u00a0 Universitaria. La organizaci\u00f3n recibir\u00e1 el material publicado entre junio del 2024 y mayo del 2025. El l\u00edmite corresponde al cierre de la convocatoria para la novena versi\u00f3n.<\/p>\n<p>En el sal\u00f3n Virgilio Barco, de la Biblioteca P\u00fablica Julio P\u00e9rez Ferrero, se reuni\u00f3 la junta del Premio La Bagatela, del C\u00edrculo de Periodistas y Comunicadores de Norte de Santander, integrada por Cicer\u00f3n Fl\u00f3rez, Patricia Giraldo, William G\u00f3mez, Susana Carvajal y Celmira Figueroa.<\/p>\n","protected":false},"excerpt":{"rendered":"<p>C\u00daCUTA.- La novena versi\u00f3n del Premio Nacional de Periodismo La Bagatela, en este 2025, tiene como novedad la extensi\u00f3n de la convocatoria a los medios venezolanos fronterizos con Colombia. La invitaci\u00f3n a concursar es para comunicadores y periodistas del pa\u00eds. Los participantes podr\u00e1n inscribir trabajos en una de las siguientes categor\u00edas: Prensa,\u00a0 Radio, Televisi\u00f3n, Fotograf\u00eda, &hellip;<\/p>\n","protected":false},"author":1,"featured_media":44345,"comment_status":"open","ping_status":"open","sticky":false,"template":"","format":"standard","meta":{"footnotes":""},"categories":[4,37],"tags":[2416,6677,5459],"class_list":["post-44344","post","type-post","status-publish","format-standard","has-post-thumbnail","hentry","category-barra","category-paseo-cultural","tag-circulo-de-periodistas-y-comunicadores-de-norte-de-santander","tag-premio-nacional-de-periodismo-la-bagatela","tag-premios-la-bagatela"],"_links":{"self":[{"href":"https:\/\/contraluzcucuta.co\/index.php?rest_route=\/wp\/v2\/posts\/44344","targetHints":{"allow":["GET"]}}],"collection":[{"href":"https:\/\/contraluzcucuta.co\/index.php?rest_route=\/wp\/v2\/posts"}],"about":[{"href":"https:\/\/contraluzcucuta.co\/index.php?rest_route=\/wp\/v2\/types\/post"}],"author":[{"embeddable":true,"href":"https:\/\/contraluzcucuta.co\/index.php?rest_route=\/wp\/v2\/users\/1"}],"replies":[{"embeddable":true,"href":"https:\/\/contraluzcucuta.co\/index.php?rest_route=%2Fwp%2Fv2%2Fcomments&post=44344"}],"version-history":[{"count":1,"href":"https:\/\/contraluzcucuta.co\/index.php?rest_route=\/wp\/v2\/posts\/44344\/revisions"}],"predecessor-version":[{"id":44346,"href":"https:\/\/contraluzcucuta.co\/index.php?rest_route=\/wp\/v2\/posts\/44344\/revisions\/44346"}],"wp:featuredmedia":[{"embeddable":true,"href":"https:\/\/contraluzcucuta.co\/index.php?rest_route=\/wp\/v2\/media\/44345"}],"wp:attachment":[{"href":"https:\/\/contraluzcucuta.co\/index.php?rest_route=%2Fwp%2Fv2%2Fmedia&parent=44344"}],"wp:term":[{"taxonomy":"category","embeddable":true,"href":"https:\/\/contraluzcucuta.co\/index.php?rest_route=%2Fwp%2Fv2%2Fcategories&post=44344"},{"taxonomy":"post_tag","embeddable":true,"href":"https:\/\/contraluzcucuta.co\/index.php?rest_route=%2Fwp%2Fv2%2Ftags&post=44344"}],"curies":[{"name":"wp","href":"https:\/\/api.w.org\/{rel}","templated":true}]}}