{"id":44320,"date":"2025-02-26T18:26:25","date_gmt":"2025-02-26T23:26:25","guid":{"rendered":"https:\/\/contraluzcucuta.co\/?p=44320"},"modified":"2025-02-26T18:26:25","modified_gmt":"2025-02-26T23:26:25","slug":"instruccion-presidencial-tibu-sera-eje-del-gobierno-para-la-transformacion-de-el-catatumbo","status":"publish","type":"post","link":"https:\/\/contraluzcucuta.co\/?p=44320","title":{"rendered":"INSTRUCCI\u00d3N PRESIDENCIAL. Tib\u00fa ser\u00e1 eje del Gobierno para la transformaci\u00f3n de El Catatumbo"},"content":{"rendered":"<p style=\"padding-left: 40px; text-align: right;\"><strong><span style=\"color: #ff9900;\">BOGOT\u00c1.- Tib\u00fa, por instrucciones presidenciales, se convertir\u00e1 en eje de la campa\u00f1a militar, policial y social emprendida por el Gobierno para consolidar la transformaci\u00f3n de El Catatumbo. El anuncio lo hizo el ministro de Defensa, Iv\u00e1n Vel\u00e1squez, al t\u00e9rmino del Consejo de Paz y Seguridad, en la Casa de Nari\u00f1o.<\/span><\/strong><\/p>\n<p>En la reuni\u00f3n se analiz\u00f3 la situaci\u00f3n de orden p\u00fablico en esa zona del pa\u00eds y en el que participaron los miembros de la c\u00fapula militar y de Polic\u00eda y el Comisionado de Paz Otty Pati\u00f1o.<\/p>\n<p>\u201cLo que requerimos es que haya un Gobierno permanente en Tib\u00fa, con oficinas de cada una de las dependencias, de las entidades, de los ministerios o departamentos administrativos que van a tener estas responsabilidades en el proceso articulado\u201d, explic\u00f3 el ministro Vel\u00e1squez.<\/p>\n<p>El plan contar\u00e1 con 70 % de componente social y el restante 30 % lo copar\u00e1 la acci\u00f3n militar y policial. Se espera asegurar el control efectivo del territorio y generar condiciones de seguridad para desarrollar programas y proyectos.<\/p>\n<p>En el Consejo de Paz y Seguridad se examinaron los avances en el proceso que se adelanta con el Frente 33, para llegar a un acuerdo final y lograr la desmovilizaci\u00f3n.<\/p>\n","protected":false},"excerpt":{"rendered":"<p>BOGOT\u00c1.- Tib\u00fa, por instrucciones presidenciales, se convertir\u00e1 en eje de la campa\u00f1a militar, policial y social emprendida por el Gobierno para consolidar la transformaci\u00f3n de El Catatumbo. El anuncio lo hizo el ministro de Defensa, Iv\u00e1n Vel\u00e1squez, al t\u00e9rmino del Consejo de Paz y Seguridad, en la Casa de Nari\u00f1o. En la reuni\u00f3n se analiz\u00f3 &hellip;<\/p>\n","protected":false},"author":1,"featured_media":44321,"comment_status":"open","ping_status":"open","sticky":false,"template":"","format":"standard","meta":{"footnotes":""},"categories":[4,32],"tags":[6906,246,5652,1114,279],"class_list":["post-44320","post","type-post","status-publish","format-standard","has-post-thumbnail","hentry","category-barra","category-recorrido-por-la-region","tag-consejo-de-paz-y-seguridad","tag-el-catatumbo","tag-ivan-velasquez","tag-ministro-de-defensa","tag-tibu"],"_links":{"self":[{"href":"https:\/\/contraluzcucuta.co\/index.php?rest_route=\/wp\/v2\/posts\/44320","targetHints":{"allow":["GET"]}}],"collection":[{"href":"https:\/\/contraluzcucuta.co\/index.php?rest_route=\/wp\/v2\/posts"}],"about":[{"href":"https:\/\/contraluzcucuta.co\/index.php?rest_route=\/wp\/v2\/types\/post"}],"author":[{"embeddable":true,"href":"https:\/\/contraluzcucuta.co\/index.php?rest_route=\/wp\/v2\/users\/1"}],"replies":[{"embeddable":true,"href":"https:\/\/contraluzcucuta.co\/index.php?rest_route=%2Fwp%2Fv2%2Fcomments&post=44320"}],"version-history":[{"count":1,"href":"https:\/\/contraluzcucuta.co\/index.php?rest_route=\/wp\/v2\/posts\/44320\/revisions"}],"predecessor-version":[{"id":44322,"href":"https:\/\/contraluzcucuta.co\/index.php?rest_route=\/wp\/v2\/posts\/44320\/revisions\/44322"}],"wp:featuredmedia":[{"embeddable":true,"href":"https:\/\/contraluzcucuta.co\/index.php?rest_route=\/wp\/v2\/media\/44321"}],"wp:attachment":[{"href":"https:\/\/contraluzcucuta.co\/index.php?rest_route=%2Fwp%2Fv2%2Fmedia&parent=44320"}],"wp:term":[{"taxonomy":"category","embeddable":true,"href":"https:\/\/contraluzcucuta.co\/index.php?rest_route=%2Fwp%2Fv2%2Fcategories&post=44320"},{"taxonomy":"post_tag","embeddable":true,"href":"https:\/\/contraluzcucuta.co\/index.php?rest_route=%2Fwp%2Fv2%2Ftags&post=44320"}],"curies":[{"name":"wp","href":"https:\/\/api.w.org\/{rel}","templated":true}]}}