{"id":44314,"date":"2025-02-25T12:35:10","date_gmt":"2025-02-25T17:35:10","guid":{"rendered":"https:\/\/contraluzcucuta.co\/?p=44314"},"modified":"2025-02-25T12:35:10","modified_gmt":"2025-02-25T17:35:10","slug":"turismo-y-caficultura-unidos-para-fortalecer-la-economia-del-departamento","status":"publish","type":"post","link":"https:\/\/contraluzcucuta.co\/?p=44314","title":{"rendered":"TURISMO Y CAFICULTURA. Unidos para fortalecer la econom\u00eda del departamento"},"content":{"rendered":"<p style=\"padding-left: 40px; text-align: right;\"><strong><span style=\"color: #ff9900;\">C\u00daCUTA.- Al tiempo que Norte de Santander estar\u00e1 en la Vitrina Tur\u00edstica Anato 2025, en Bogot\u00e1, los cucute\u00f1os podr\u00e1n disfrutar la feria La Cuna del Caf\u00e9. Las iniciativas ratifican el compromiso de la Gobernaci\u00f3n, la Alcald\u00eda de C\u00facuta y la C\u00e1mara de Comercio para con el desarrollo productivo y la promoci\u00f3n de los sectores estrat\u00e9gicos del departamento.<\/span><\/strong><\/p>\n<p>En Anato 2025, del 26 al 28 de febrero, el sector tur\u00edstico participar\u00e1 con un estand en Corferias. M\u00e1s de 80 expositores mostrar\u00e1n la riqueza cultural, gastron\u00f3mica y natural, y destacar\u00e1n como destinos a El Carmen, La Playa de Bel\u00e9n y Chin\u00e1cota.<\/p>\n<p>\u00abEste a\u00f1o llevamos una oferta renovada y ambiciosa para que el mundo conozca todo lo que Norte de Santander tiene para ofrecer\u201d, afirm\u00f3 el gobernador William Villamizar.<\/p>\n<p>La agenda incluye rueda de negocios, presentaciones art\u00edsticas y culturales, muestras gastron\u00f3micas y el conversatorio sobre el caf\u00e9, con el Profesor Yarumo. Se espera la visita de delegaciones de la comunidad de Catalu\u00f1a, interesada en invertir en proyectos tur\u00edsticos en la regi\u00f3n, y de Brasil, con determinaci\u00f3n y experiencia en la promoci\u00f3n tur\u00edstica.<\/p>\n<p>En La Cuna del Caf\u00e9, del 28 de febrero al 2 de marzo, C\u00facuta ser\u00e1 epicentro de la caficultura, en el Ecoparque de Los Patios. La feria busca resaltar el potencial del caf\u00e9 nortesantandereanos, producto que ha alcanzado reconocimiento internacional por aroma y calidad.<\/p>\n<p>M\u00e1s de 17.000 caficultores, d\u00eda a d\u00eda, trabajan para llevar a la mesa uno de los mejores productos del mundo. Los asistentes podr\u00e1n degustar caf\u00e9s especiales, participar en exhibiciones de barismo y catas, y disfrutar con los eventos musicales y culturales.<\/p>\n<p>Luis Tob\u00f3n &#8211; @GoberNorte<\/p>\n","protected":false},"excerpt":{"rendered":"<p>C\u00daCUTA.- Al tiempo que Norte de Santander estar\u00e1 en la Vitrina Tur\u00edstica Anato 2025, en Bogot\u00e1, los cucute\u00f1os podr\u00e1n disfrutar la feria La Cuna del Caf\u00e9. Las iniciativas ratifican el compromiso de la Gobernaci\u00f3n, la Alcald\u00eda de C\u00facuta y la C\u00e1mara de Comercio para con el desarrollo productivo y la promoci\u00f3n de los sectores estrat\u00e9gicos &hellip;<\/p>\n","protected":false},"author":1,"featured_media":44315,"comment_status":"open","ping_status":"open","sticky":false,"template":"","format":"standard","meta":{"footnotes":""},"categories":[4,32],"tags":[226,5199,375,5887,379,6903],"class_list":["post-44314","post","type-post","status-publish","format-standard","has-post-thumbnail","hentry","category-barra","category-recorrido-por-la-region","tag-alcaldia-de-cucuta","tag-anato","tag-camara-de-comercio-de-cucuta","tag-corferias","tag-gobernacion-de-norte-de-santander","tag-la-cuna-del-cafe"],"_links":{"self":[{"href":"https:\/\/contraluzcucuta.co\/index.php?rest_route=\/wp\/v2\/posts\/44314","targetHints":{"allow":["GET"]}}],"collection":[{"href":"https:\/\/contraluzcucuta.co\/index.php?rest_route=\/wp\/v2\/posts"}],"about":[{"href":"https:\/\/contraluzcucuta.co\/index.php?rest_route=\/wp\/v2\/types\/post"}],"author":[{"embeddable":true,"href":"https:\/\/contraluzcucuta.co\/index.php?rest_route=\/wp\/v2\/users\/1"}],"replies":[{"embeddable":true,"href":"https:\/\/contraluzcucuta.co\/index.php?rest_route=%2Fwp%2Fv2%2Fcomments&post=44314"}],"version-history":[{"count":1,"href":"https:\/\/contraluzcucuta.co\/index.php?rest_route=\/wp\/v2\/posts\/44314\/revisions"}],"predecessor-version":[{"id":44316,"href":"https:\/\/contraluzcucuta.co\/index.php?rest_route=\/wp\/v2\/posts\/44314\/revisions\/44316"}],"wp:featuredmedia":[{"embeddable":true,"href":"https:\/\/contraluzcucuta.co\/index.php?rest_route=\/wp\/v2\/media\/44315"}],"wp:attachment":[{"href":"https:\/\/contraluzcucuta.co\/index.php?rest_route=%2Fwp%2Fv2%2Fmedia&parent=44314"}],"wp:term":[{"taxonomy":"category","embeddable":true,"href":"https:\/\/contraluzcucuta.co\/index.php?rest_route=%2Fwp%2Fv2%2Fcategories&post=44314"},{"taxonomy":"post_tag","embeddable":true,"href":"https:\/\/contraluzcucuta.co\/index.php?rest_route=%2Fwp%2Fv2%2Ftags&post=44314"}],"curies":[{"name":"wp","href":"https:\/\/api.w.org\/{rel}","templated":true}]}}