{"id":44311,"date":"2025-02-25T12:11:34","date_gmt":"2025-02-25T17:11:34","guid":{"rendered":"https:\/\/contraluzcucuta.co\/?p=44311"},"modified":"2025-02-25T12:11:34","modified_gmt":"2025-02-25T17:11:34","slug":"batalla-de-cucuta-no-habra-desfile-civico-militar-para-conmemorar-los-212-anos","status":"publish","type":"post","link":"https:\/\/contraluzcucuta.co\/?p=44311","title":{"rendered":"BATALLA DE C\u00daCUTA. No habr\u00e1 desfile c\u00edvico militar para conmemorar los 212 a\u00f1os"},"content":{"rendered":"<p style=\"padding-left: 40px; text-align: right;\"><strong><span style=\"color: #ff9900;\">C\u00daCUTA.- Los 212 a\u00f1os de la Batalla de C\u00facuta, en el Monumento de la Loma de Bol\u00edvar, se conmemorar\u00e1n con ofrendas florales de las autoridades gubernamentales y territoriales, y presentaciones culturales para resaltar la efem\u00e9ride que hace parte del legado hist\u00f3rico local.<\/span><\/strong><\/p>\n<p>Se ten\u00eda previsto el tradicional desfile c\u00edvico militar, para el 28 de febrero a las 4:30 de la tarde, pero la administraci\u00f3n municipal lo cancel\u00f3. A cambio, en la programaci\u00f3n participar\u00e1n la banda de paz del colegio Sagrado Coraz\u00f3n, la Orquesta Sinf\u00f3nica y grupos de danza y de teatro.<\/p>\n<p>\u201cLa conmemoraci\u00f3n de los 212 a\u00f1os de la Batalla de C\u00facuta es una oportunidad para fortalecer nuestra identidad como cucute\u00f1os y apropiarnos de nuestra rica herencia cultural e hist\u00f3rica\u201d, dijo el secretario de Cultura de C\u00facuta, Nadim Bayona.<\/p>\n<p>El encuentro ser\u00e1 en la Columna de Bol\u00edvar. \u2018Una sola historia, un solo coraz\u00f3n\u2019, es el lema de este a\u00f1o, con el que se busca despertar el sentido de pertenencia de los ciudadanos, destacar la identidad cucute\u00f1a y recordar los acontecimientos hist\u00f3ricos que han hecho de C\u00facuta la cuna de la libertad.<\/p>\n","protected":false},"excerpt":{"rendered":"<p>C\u00daCUTA.- Los 212 a\u00f1os de la Batalla de C\u00facuta, en el Monumento de la Loma de Bol\u00edvar, se conmemorar\u00e1n con ofrendas florales de las autoridades gubernamentales y territoriales, y presentaciones culturales para resaltar la efem\u00e9ride que hace parte del legado hist\u00f3rico local. Se ten\u00eda previsto el tradicional desfile c\u00edvico militar, para el 28 de febrero &hellip;<\/p>\n","protected":false},"author":1,"featured_media":44312,"comment_status":"open","ping_status":"open","sticky":false,"template":"","format":"standard","meta":{"footnotes":""},"categories":[4,36],"tags":[174,6902,603],"class_list":["post-44311","post","type-post","status-publish","format-standard","has-post-thumbnail","hentry","category-barra","category-la-voz-del-pueblo","tag-batalla-de-cucuta","tag-monumento-de-la-loma-de-bolivar","tag-secretaria-de-cultura-de-cucuta"],"_links":{"self":[{"href":"https:\/\/contraluzcucuta.co\/index.php?rest_route=\/wp\/v2\/posts\/44311","targetHints":{"allow":["GET"]}}],"collection":[{"href":"https:\/\/contraluzcucuta.co\/index.php?rest_route=\/wp\/v2\/posts"}],"about":[{"href":"https:\/\/contraluzcucuta.co\/index.php?rest_route=\/wp\/v2\/types\/post"}],"author":[{"embeddable":true,"href":"https:\/\/contraluzcucuta.co\/index.php?rest_route=\/wp\/v2\/users\/1"}],"replies":[{"embeddable":true,"href":"https:\/\/contraluzcucuta.co\/index.php?rest_route=%2Fwp%2Fv2%2Fcomments&post=44311"}],"version-history":[{"count":1,"href":"https:\/\/contraluzcucuta.co\/index.php?rest_route=\/wp\/v2\/posts\/44311\/revisions"}],"predecessor-version":[{"id":44313,"href":"https:\/\/contraluzcucuta.co\/index.php?rest_route=\/wp\/v2\/posts\/44311\/revisions\/44313"}],"wp:featuredmedia":[{"embeddable":true,"href":"https:\/\/contraluzcucuta.co\/index.php?rest_route=\/wp\/v2\/media\/44312"}],"wp:attachment":[{"href":"https:\/\/contraluzcucuta.co\/index.php?rest_route=%2Fwp%2Fv2%2Fmedia&parent=44311"}],"wp:term":[{"taxonomy":"category","embeddable":true,"href":"https:\/\/contraluzcucuta.co\/index.php?rest_route=%2Fwp%2Fv2%2Fcategories&post=44311"},{"taxonomy":"post_tag","embeddable":true,"href":"https:\/\/contraluzcucuta.co\/index.php?rest_route=%2Fwp%2Fv2%2Ftags&post=44311"}],"curies":[{"name":"wp","href":"https:\/\/api.w.org\/{rel}","templated":true}]}}