{"id":44294,"date":"2025-02-20T14:53:28","date_gmt":"2025-02-20T19:53:28","guid":{"rendered":"https:\/\/contraluzcucuta.co\/?p=44294"},"modified":"2025-02-20T14:53:28","modified_gmt":"2025-02-20T19:53:28","slug":"consejo-de-seguridad-toque-de-queda-metropolitano-por-situacion-de-orden-publico","status":"publish","type":"post","link":"https:\/\/contraluzcucuta.co\/?p=44294","title":{"rendered":"CONSEJO DE SEGURIDAD. Toque de queda metropolitano por situaci\u00f3n de orden p\u00fablico"},"content":{"rendered":"<figure id=\"attachment_44296\" aria-describedby=\"caption-attachment-44296\" style=\"width: 246px\" class=\"wp-caption alignleft\"><a href=\"https:\/\/contraluzcucuta.co\/wp-content\/uploads\/2025\/02\/PEAJE-VILLA-DEL-ROSARIO-1.jpg\"><img loading=\"lazy\" decoding=\"async\" class=\" wp-image-44296\" src=\"https:\/\/contraluzcucuta.co\/wp-content\/uploads\/2025\/02\/PEAJE-VILLA-DEL-ROSARIO-1-300x166.jpg\" alt=\"\" width=\"246\" height=\"136\" srcset=\"https:\/\/contraluzcucuta.co\/wp-content\/uploads\/2025\/02\/PEAJE-VILLA-DEL-ROSARIO-1-300x166.jpg 300w, https:\/\/contraluzcucuta.co\/wp-content\/uploads\/2025\/02\/PEAJE-VILLA-DEL-ROSARIO-1-600x332.jpg 600w, https:\/\/contraluzcucuta.co\/wp-content\/uploads\/2025\/02\/PEAJE-VILLA-DEL-ROSARIO-1-768x425.jpg 768w, https:\/\/contraluzcucuta.co\/wp-content\/uploads\/2025\/02\/PEAJE-VILLA-DEL-ROSARIO-1.jpg 960w\" sizes=\"auto, (max-width: 246px) 100vw, 246px\" \/><\/a><figcaption id=\"caption-attachment-44296\" class=\"wp-caption-text\"><em>Foto: Facebook<\/em><\/figcaption><\/figure>\n<p style=\"padding-left: 40px; text-align: right;\"><strong><span style=\"color: #ff9900;\">C\u00daCUTA.- Cucute\u00f1os y habitantes del \u00c1rea Metropolitana pasar\u00e1n 11 horas en toque de queda, entre las 7:00 de la noche del 20 de febrero y las 6:00 de la ma\u00f1ana del 21. La medida es parte de los compromisos fijados en el consejo de seguridad, reunido con el prop\u00f3sito de coordinar acciones frente a las afectaciones por las explosiones en Villa de Rosario y C\u00facuta.<\/span><\/strong><\/p>\n<p>El gobernador encargado Rafael San\u00edn hizo el anuncio luego de la reuni\u00f3n con autoridades policiales y militares, y los alcaldes del \u00c1rea Metropolitana. Las medidas administrativas tomadas para atender la situaci\u00f3n son:<\/p>\n<p>&#8211; Previa autorizaci\u00f3n de los alcaldes del \u00c1rea Metropolitana, el gobernador William Villamizar decretar\u00e1 toque de queda desde las 7:00 de la noche del 20 de febrero hasta las 6:00 de la ma\u00f1ana del 21. La medida estar\u00e1 sujeta a evaluaci\u00f3n de la posible ampliaci\u00f3n a partir del comportamiento del orden p\u00fablico en cada municipio.<\/p>\n<p>&#8211; La Secretar\u00eda de Educaci\u00f3n Departamental, mediante resoluci\u00f3n, suspender\u00e1 clases este 21 de febrero en los colegios del \u00c1rea Metropolitana y de El Catatumbo.<\/p>\n<p>&#8211; Presentaci\u00f3n, de manera urgente, por parte de la fuerza p\u00fablica del diagn\u00f3stico de la situaci\u00f3n de orden p\u00fablico en los municipios donde se efectuar\u00e1 la declaraci\u00f3n del decreto de toque de queda como insumo principal para el soporte del acto administrativo.<\/p>\n<p>&#8211; Los alcaldes, en cumplimiento de sus competencias, establecer\u00e1n planes de contingencia necesarios para la atenci\u00f3n a la poblaci\u00f3n, en desarrollo de lo estipulado por el toque de queda.<\/p>\n","protected":false},"excerpt":{"rendered":"<p>C\u00daCUTA.- Cucute\u00f1os y habitantes del \u00c1rea Metropolitana pasar\u00e1n 11 horas en toque de queda, entre las 7:00 de la noche del 20 de febrero y las 6:00 de la ma\u00f1ana del 21. La medida es parte de los compromisos fijados en el consejo de seguridad, reunido con el prop\u00f3sito de coordinar acciones frente a las &hellip;<\/p>\n","protected":false},"author":1,"featured_media":44295,"comment_status":"open","ping_status":"open","sticky":false,"template":"","format":"standard","meta":{"footnotes":""},"categories":[11,4],"tags":[543,246,5007],"class_list":["post-44294","post","type-post","status-publish","format-standard","has-post-thumbnail","hentry","category-cronica-roja","category-barra","tag-area-metropolitana-de-cucuta","tag-el-catatumbo","tag-toque-de-queda"],"_links":{"self":[{"href":"https:\/\/contraluzcucuta.co\/index.php?rest_route=\/wp\/v2\/posts\/44294","targetHints":{"allow":["GET"]}}],"collection":[{"href":"https:\/\/contraluzcucuta.co\/index.php?rest_route=\/wp\/v2\/posts"}],"about":[{"href":"https:\/\/contraluzcucuta.co\/index.php?rest_route=\/wp\/v2\/types\/post"}],"author":[{"embeddable":true,"href":"https:\/\/contraluzcucuta.co\/index.php?rest_route=\/wp\/v2\/users\/1"}],"replies":[{"embeddable":true,"href":"https:\/\/contraluzcucuta.co\/index.php?rest_route=%2Fwp%2Fv2%2Fcomments&post=44294"}],"version-history":[{"count":1,"href":"https:\/\/contraluzcucuta.co\/index.php?rest_route=\/wp\/v2\/posts\/44294\/revisions"}],"predecessor-version":[{"id":44297,"href":"https:\/\/contraluzcucuta.co\/index.php?rest_route=\/wp\/v2\/posts\/44294\/revisions\/44297"}],"wp:featuredmedia":[{"embeddable":true,"href":"https:\/\/contraluzcucuta.co\/index.php?rest_route=\/wp\/v2\/media\/44295"}],"wp:attachment":[{"href":"https:\/\/contraluzcucuta.co\/index.php?rest_route=%2Fwp%2Fv2%2Fmedia&parent=44294"}],"wp:term":[{"taxonomy":"category","embeddable":true,"href":"https:\/\/contraluzcucuta.co\/index.php?rest_route=%2Fwp%2Fv2%2Fcategories&post=44294"},{"taxonomy":"post_tag","embeddable":true,"href":"https:\/\/contraluzcucuta.co\/index.php?rest_route=%2Fwp%2Fv2%2Ftags&post=44294"}],"curies":[{"name":"wp","href":"https:\/\/api.w.org\/{rel}","templated":true}]}}