{"id":44289,"date":"2025-02-19T19:24:26","date_gmt":"2025-02-20T00:24:26","guid":{"rendered":"https:\/\/contraluzcucuta.co\/?p=44289"},"modified":"2025-02-19T19:33:58","modified_gmt":"2025-02-20T00:33:58","slug":"jornadas-de-prevencion-alcaldia-garantiza-proteccion-de-derechos-a-desplazadas-de-el-catatumbo","status":"publish","type":"post","link":"https:\/\/contraluzcucuta.co\/?p=44289","title":{"rendered":"JORNADAS DE PREVENCI\u00d3N. Alcald\u00eda garantiza protecci\u00f3n de derechos a desplazadas de El Catatumbo"},"content":{"rendered":"<p><a href=\"https:\/\/contraluzcucuta.co\/wp-content\/uploads\/2025\/02\/CATATUMBO-CAPACITACION-2.jpeg\"><img loading=\"lazy\" decoding=\"async\" class=\"alignnone wp-image-44291 alignright\" src=\"https:\/\/contraluzcucuta.co\/wp-content\/uploads\/2025\/02\/CATATUMBO-CAPACITACION-2-300x200.jpeg\" alt=\"\" width=\"254\" height=\"169\" srcset=\"https:\/\/contraluzcucuta.co\/wp-content\/uploads\/2025\/02\/CATATUMBO-CAPACITACION-2-300x200.jpeg 300w, https:\/\/contraluzcucuta.co\/wp-content\/uploads\/2025\/02\/CATATUMBO-CAPACITACION-2-600x400.jpeg 600w, https:\/\/contraluzcucuta.co\/wp-content\/uploads\/2025\/02\/CATATUMBO-CAPACITACION-2-1024x682.jpeg 1024w, https:\/\/contraluzcucuta.co\/wp-content\/uploads\/2025\/02\/CATATUMBO-CAPACITACION-2-768x512.jpeg 768w, https:\/\/contraluzcucuta.co\/wp-content\/uploads\/2025\/02\/CATATUMBO-CAPACITACION-2-310x205.jpeg 310w, https:\/\/contraluzcucuta.co\/wp-content\/uploads\/2025\/02\/CATATUMBO-CAPACITACION-2.jpeg 1280w\" sizes=\"auto, (max-width: 254px) 100vw, 254px\" \/><\/a><\/p>\n<p><strong><span style=\"color: #ff9900;\">C\u00daCUTA.- Mediante acciones de capacitaci\u00f3n y sensibilizaci\u00f3n, la Secretar\u00eda de Seguridad Ciudadana busca contrarrestar hechos que afectan la integridad de ni\u00f1as, adolescentes y adultas provenientes de El Catatumbo y que reciben asistencia humanitaria en C\u00facuta.<\/span><\/strong><\/p>\n<p>Una de las asistentes a la capacitaci\u00f3n denunci\u00f3 que \u201calgunas personas quieren sacar beneficio de nuestra condici\u00f3n. Estamos siendo v\u00edctimas de hombres y mujeres que nos ofrecen dinero para prostituirnos y hacer otras cosas\u201d.<\/p>\n<p>La ruta de atenci\u00f3n comprende el reporte de casos de trata de personas, violencia sexual, acoso, maltrato f\u00edsico, estafa y robos, entre otros delitos que afectan la dignidad, la integridad f\u00edsica y emocional, la libertad y la autonom\u00eda de esa poblaci\u00f3n en condici\u00f3n de vulnerabilidad.<\/p>\n<p>En el trabajo articulado participan los equipos sicosocial y jur\u00eddico de la Secretar\u00eda, la Patrulla P\u00farpura y el Concejo de C\u00facuta. \u201cActivamos la ruta de atenci\u00f3n a trav\u00e9s de la l\u00ednea 155 y orientamos a las mujeres para denunciar y prevenir la comisi\u00f3n de estos delitos, brindado acompa\u00f1amiento permanente en el proceso\u201d, manifest\u00f3 el secretario Diego Villamizar.<\/p>\n<p>El funcionario indic\u00f3 que fortalecen las acciones contra la violencia basada en g\u00e9nero para garantizar la protecci\u00f3n y la defensa de los derechos de las mujeres.<\/p>\n","protected":false},"excerpt":{"rendered":"<p>C\u00daCUTA.- Mediante acciones de capacitaci\u00f3n y sensibilizaci\u00f3n, la Secretar\u00eda de Seguridad Ciudadana busca contrarrestar hechos que afectan la integridad de ni\u00f1as, adolescentes y adultas provenientes de El Catatumbo y que reciben asistencia humanitaria en C\u00facuta. Una de las asistentes a la capacitaci\u00f3n denunci\u00f3 que \u201calgunas personas quieren sacar beneficio de nuestra condici\u00f3n. Estamos siendo v\u00edctimas &hellip;<\/p>\n","protected":false},"author":1,"featured_media":44290,"comment_status":"open","ping_status":"open","sticky":false,"template":"","format":"standard","meta":{"footnotes":""},"categories":[11,4],"tags":[197,246,6898,2889],"class_list":["post-44289","post","type-post","status-publish","format-standard","has-post-thumbnail","hentry","category-cronica-roja","category-barra","tag-concejo-de-cucuta","tag-el-catatumbo","tag-patrulla-purpura","tag-secretaria-de-seguridad-ciudadana"],"_links":{"self":[{"href":"https:\/\/contraluzcucuta.co\/index.php?rest_route=\/wp\/v2\/posts\/44289","targetHints":{"allow":["GET"]}}],"collection":[{"href":"https:\/\/contraluzcucuta.co\/index.php?rest_route=\/wp\/v2\/posts"}],"about":[{"href":"https:\/\/contraluzcucuta.co\/index.php?rest_route=\/wp\/v2\/types\/post"}],"author":[{"embeddable":true,"href":"https:\/\/contraluzcucuta.co\/index.php?rest_route=\/wp\/v2\/users\/1"}],"replies":[{"embeddable":true,"href":"https:\/\/contraluzcucuta.co\/index.php?rest_route=%2Fwp%2Fv2%2Fcomments&post=44289"}],"version-history":[{"count":1,"href":"https:\/\/contraluzcucuta.co\/index.php?rest_route=\/wp\/v2\/posts\/44289\/revisions"}],"predecessor-version":[{"id":44292,"href":"https:\/\/contraluzcucuta.co\/index.php?rest_route=\/wp\/v2\/posts\/44289\/revisions\/44292"}],"wp:featuredmedia":[{"embeddable":true,"href":"https:\/\/contraluzcucuta.co\/index.php?rest_route=\/wp\/v2\/media\/44290"}],"wp:attachment":[{"href":"https:\/\/contraluzcucuta.co\/index.php?rest_route=%2Fwp%2Fv2%2Fmedia&parent=44289"}],"wp:term":[{"taxonomy":"category","embeddable":true,"href":"https:\/\/contraluzcucuta.co\/index.php?rest_route=%2Fwp%2Fv2%2Fcategories&post=44289"},{"taxonomy":"post_tag","embeddable":true,"href":"https:\/\/contraluzcucuta.co\/index.php?rest_route=%2Fwp%2Fv2%2Ftags&post=44289"}],"curies":[{"name":"wp","href":"https:\/\/api.w.org\/{rel}","templated":true}]}}