{"id":44284,"date":"2025-02-19T18:45:45","date_gmt":"2025-02-19T23:45:45","guid":{"rendered":"https:\/\/contraluzcucuta.co\/?p=44284"},"modified":"2025-02-19T18:45:45","modified_gmt":"2025-02-19T23:45:45","slug":"cumbre-de-gobernadores-los-cambios-repentinos-en-algunas-carteras-nos-han-perjudicado-william-villamizar","status":"publish","type":"post","link":"https:\/\/contraluzcucuta.co\/?p=44284","title":{"rendered":"CUMBRE DE GOBERNADORES. \u201cLos cambios repentinos en algunas carteras nos han perjudicado\u201d, William Villamizar"},"content":{"rendered":"<p style=\"padding-left: 40px; text-align: right;\"><strong><span style=\"color: #ff9900;\">VILLA DE LEYVA \u2013 Boyac\u00e1.- El gobernador de Norte de Santander, William Villamizar, llev\u00f3 la voz de los mandatarios regionales ante el presidente Gustavo Petro, plante\u00f3 la necesidad de una estrategia regional de seguridad y destac\u00f3 que los cambios repentinos en algunos ministerios han perjudicado a los departamentos.<\/span><\/strong><\/p>\n<p><a href=\"https:\/\/contraluzcucuta.co\/wp-content\/uploads\/2025\/02\/GOBERNADOR-CUMBRE-EN-VILLA-DE-LEYVA-1.jpg\"><img loading=\"lazy\" decoding=\"async\" class=\"alignnone  wp-image-44285 alignright\" src=\"https:\/\/contraluzcucuta.co\/wp-content\/uploads\/2025\/02\/GOBERNADOR-CUMBRE-EN-VILLA-DE-LEYVA-1-300x169.jpg\" alt=\"\" width=\"249\" height=\"140\" srcset=\"https:\/\/contraluzcucuta.co\/wp-content\/uploads\/2025\/02\/GOBERNADOR-CUMBRE-EN-VILLA-DE-LEYVA-1-300x169.jpg 300w, https:\/\/contraluzcucuta.co\/wp-content\/uploads\/2025\/02\/GOBERNADOR-CUMBRE-EN-VILLA-DE-LEYVA-1-600x338.jpg 600w, https:\/\/contraluzcucuta.co\/wp-content\/uploads\/2025\/02\/GOBERNADOR-CUMBRE-EN-VILLA-DE-LEYVA-1-1024x576.jpg 1024w, https:\/\/contraluzcucuta.co\/wp-content\/uploads\/2025\/02\/GOBERNADOR-CUMBRE-EN-VILLA-DE-LEYVA-1-768x432.jpg 768w, https:\/\/contraluzcucuta.co\/wp-content\/uploads\/2025\/02\/GOBERNADOR-CUMBRE-EN-VILLA-DE-LEYVA-1-1536x864.jpg 1536w, https:\/\/contraluzcucuta.co\/wp-content\/uploads\/2025\/02\/GOBERNADOR-CUMBRE-EN-VILLA-DE-LEYVA-1.jpg 1600w\" sizes=\"auto, (max-width: 249px) 100vw, 249px\" \/><\/a><\/p>\n<p>Reconoci\u00f3 que cuando estaban listos para articular con el Gobierno, por medio de algunos ministerios, ocurrieron los relevos en las carteras. \u201cEsperamos que no se perjudiquen m\u00e1s los avances alcanzados en la estructuraci\u00f3n de estos pactos\u201d.<\/p>\n<p>La Cumbre por el Campo, organizada por la Federaci\u00f3n Nacional de Departamentos en Villa de Leyva (Boyac\u00e1), sirvi\u00f3 para el an\u00e1lisis de asuntos de inter\u00e9s nacional.<\/p>\n<ul>\n<li>Percepci\u00f3n de seguridad. Es preocupante y la diversidad de las regiones implica problemas espec\u00edficos que requieren soluciones diferenciadas.<\/li>\n<li>Reconocimiento del presidente Gustavo Petro. Por ser amigos de la democracia<\/li>\n<li>Propuesta de estrategia regional. Abordar la lucha contra el narcotr\u00e1fico y el fortalecimiento de las Fuerzas Militares.<\/li>\n<li>Inconformismo entre los gobernadores. Por el incumplimiento y la falta de avances en los proyectos regionales acordados en Casa de Nari\u00f1o.<\/li>\n<li>El Catatumbo. En el \u00faltimo mes se reportaron m\u00e1s de 55.000 desplazados, 23.000 confinados y 90 asesinatos.<\/li>\n<\/ul>\n<p>Ante este panorama, Villamizar destac\u00f3 la necesidad que el Gobierno fortalezca el control territorial, garantice la inversi\u00f3n decidida en los territorios afectados y cumpla los pactos concertados con las comunidades.<\/p>\n<p>En la evaluaci\u00f3n de la pol\u00edtica de paz total y los resultados hasta el momento plante\u00f3 las siguientes interrogantes:<\/p>\n<ul>\n<li>\u00bfHa funcionado la pol\u00edtica de paz total?<\/li>\n<li>\u00bfLlegaremos a un tema de paz parcial?<\/li>\n<li>\u00bfDefinitivamente no se va a poder lograr?<\/li>\n<\/ul>\n<p>\u201cCreemos que a\u00fan hay tiempo para avanzar y reiteramos nuestra disposici\u00f3n de trabajar en equipo con el Gobierno para garantizar seguridad y bienestar en nuestras regiones\u201d, concluy\u00f3 el gobernador William Villamizar.<\/p>\n","protected":false},"excerpt":{"rendered":"<p>VILLA DE LEYVA \u2013 Boyac\u00e1.- El gobernador de Norte de Santander, William Villamizar, llev\u00f3 la voz de los mandatarios regionales ante el presidente Gustavo Petro, plante\u00f3 la necesidad de una estrategia regional de seguridad y destac\u00f3 que los cambios repentinos en algunos ministerios han perjudicado a los departamentos. Reconoci\u00f3 que cuando estaban listos para articular &hellip;<\/p>\n","protected":false},"author":1,"featured_media":44286,"comment_status":"open","ping_status":"open","sticky":false,"template":"","format":"standard","meta":{"footnotes":""},"categories":[4,6],"tags":[6794,2800,5491],"class_list":["post-44284","post","type-post","status-publish","format-standard","has-post-thumbnail","hentry","category-barra","category-ojo-avizor","tag-federacion-nacional-de-departamentos","tag-gobernador-william-villamizar","tag-presidente-gustavo-petro"],"_links":{"self":[{"href":"https:\/\/contraluzcucuta.co\/index.php?rest_route=\/wp\/v2\/posts\/44284","targetHints":{"allow":["GET"]}}],"collection":[{"href":"https:\/\/contraluzcucuta.co\/index.php?rest_route=\/wp\/v2\/posts"}],"about":[{"href":"https:\/\/contraluzcucuta.co\/index.php?rest_route=\/wp\/v2\/types\/post"}],"author":[{"embeddable":true,"href":"https:\/\/contraluzcucuta.co\/index.php?rest_route=\/wp\/v2\/users\/1"}],"replies":[{"embeddable":true,"href":"https:\/\/contraluzcucuta.co\/index.php?rest_route=%2Fwp%2Fv2%2Fcomments&post=44284"}],"version-history":[{"count":1,"href":"https:\/\/contraluzcucuta.co\/index.php?rest_route=\/wp\/v2\/posts\/44284\/revisions"}],"predecessor-version":[{"id":44288,"href":"https:\/\/contraluzcucuta.co\/index.php?rest_route=\/wp\/v2\/posts\/44284\/revisions\/44288"}],"wp:featuredmedia":[{"embeddable":true,"href":"https:\/\/contraluzcucuta.co\/index.php?rest_route=\/wp\/v2\/media\/44286"}],"wp:attachment":[{"href":"https:\/\/contraluzcucuta.co\/index.php?rest_route=%2Fwp%2Fv2%2Fmedia&parent=44284"}],"wp:term":[{"taxonomy":"category","embeddable":true,"href":"https:\/\/contraluzcucuta.co\/index.php?rest_route=%2Fwp%2Fv2%2Fcategories&post=44284"},{"taxonomy":"post_tag","embeddable":true,"href":"https:\/\/contraluzcucuta.co\/index.php?rest_route=%2Fwp%2Fv2%2Ftags&post=44284"}],"curies":[{"name":"wp","href":"https:\/\/api.w.org\/{rel}","templated":true}]}}