{"id":44273,"date":"2025-02-19T11:39:03","date_gmt":"2025-02-19T16:39:03","guid":{"rendered":"https:\/\/contraluzcucuta.co\/?p=44273"},"modified":"2025-02-19T11:39:03","modified_gmt":"2025-02-19T16:39:03","slug":"arn-llega-a-el-catatumbo-atencion-a-las-necesidades-de-firmantes-de-paz","status":"publish","type":"post","link":"https:\/\/contraluzcucuta.co\/?p=44273","title":{"rendered":"ARN LLEGA A EL CATATUMBO. Atenci\u00f3n a las necesidades de firmantes de paz"},"content":{"rendered":"<p style=\"padding-left: 40px; text-align: right;\"><strong><span style=\"color: #ff9900;\">EL CATATUMBO \u2013 Norte de Santander.- La caracterizaci\u00f3n y el plan para reactivar los proyectos productivos afectados por la emergencia en El Catatumbo, son las principales conclusiones del di\u00e1logo con firmantes de paz que est\u00e1n en el albergue gestionado por la entidad.<\/span><\/strong><\/p>\n<p><a href=\"https:\/\/contraluzcucuta.co\/wp-content\/uploads\/2025\/02\/ARN-DIRECTORA-7.jpeg\"><img loading=\"lazy\" decoding=\"async\" class=\"alignnone  wp-image-44275 alignleft\" src=\"https:\/\/contraluzcucuta.co\/wp-content\/uploads\/2025\/02\/ARN-DIRECTORA-7-300x200.jpeg\" alt=\"\" width=\"248\" height=\"165\" srcset=\"https:\/\/contraluzcucuta.co\/wp-content\/uploads\/2025\/02\/ARN-DIRECTORA-7-300x200.jpeg 300w, https:\/\/contraluzcucuta.co\/wp-content\/uploads\/2025\/02\/ARN-DIRECTORA-7-600x400.jpeg 600w, https:\/\/contraluzcucuta.co\/wp-content\/uploads\/2025\/02\/ARN-DIRECTORA-7-1024x683.jpeg 1024w, https:\/\/contraluzcucuta.co\/wp-content\/uploads\/2025\/02\/ARN-DIRECTORA-7-768x512.jpeg 768w, https:\/\/contraluzcucuta.co\/wp-content\/uploads\/2025\/02\/ARN-DIRECTORA-7-1536x1024.jpeg 1536w, https:\/\/contraluzcucuta.co\/wp-content\/uploads\/2025\/02\/ARN-DIRECTORA-7-310x205.jpeg 310w, https:\/\/contraluzcucuta.co\/wp-content\/uploads\/2025\/02\/ARN-DIRECTORA-7.jpeg 1599w\" sizes=\"auto, (max-width: 248px) 100vw, 248px\" \/><\/a><\/p>\n<p>La directora de la Agencia para la Reincorporaci\u00f3n, Alejandra Miller, encabez\u00f3 el encuentro, en el que se han garantizado las condiciones de dignidad y seguridad durante la crisis humanitaria en la regi\u00f3n.<\/p>\n<p>El objetivo de la caracterizaci\u00f3n es identificar las necesidades de los firmantes desplazados de los territorios, junto con las familias, para tomar decisiones basadas en la seguridad y voluntad respecto a los procesos de reincorporaci\u00f3n, en El Catatumbo o en otros territorios.<\/p>\n<p>En la jornada se anunci\u00f3 la ruta para reactivar los proyectos productivos de firmantes, tanto individuales como colectivos, impactados por la emergencia. El prop\u00f3sito es fortalecer la estabilidad econ\u00f3mica, promover el arraigo territorial y asegurar la continuidad de la reincorporaci\u00f3n, adapt\u00e1ndose al nivel de afectaci\u00f3n identificado.<\/p>\n<p>Adem\u00e1s, se acord\u00f3 la gesti\u00f3n de proyectos prioritarios en salud, educaci\u00f3n, vivienda y acceso a tierras, con el fin de cubrir las necesidades b\u00e1sicas de la poblaci\u00f3n en el territorio.<\/p>\n<p>&#8220;Sabemos que la emergencia en El Catatumbo persiste, pero lo esencial ahora es avanzar hacia la estabilizaci\u00f3n de los firmantes de paz\u201d, destac\u00f3 Miller durante este encuentro. La finalidad de la reuni\u00f3n era conocer de primera mano las necesidades y evaluar los avances y los desaf\u00edos en la atenci\u00f3n a los firmantes, un mes despu\u00e9s de la emergencia humanitaria.<\/p>\n<p>\u201cEstamos construyendo un censo para ofrecer el acompa\u00f1amiento m\u00e1s preciso y adecuado a las necesidades&#8221;, dijo la directora de la Agencia para la Reincorporaci\u00f3n, Alejandra Miller.<\/p>\n<p>Jos\u00e9 Miguel Pinto, firmante de paz, destac\u00f3 la importancia de proteger los procesos de reincorporaci\u00f3n. El Catatumbo son m\u00e1s de 400 firmantes de paz que apuestan por la reconstrucci\u00f3n del tejido social y la reconciliaci\u00f3n. \u201cNuestra decisi\u00f3n es seguir apost\u00e1ndole al proceso de paz\u201d.<\/p>\n","protected":false},"excerpt":{"rendered":"<p>EL CATATUMBO \u2013 Norte de Santander.- La caracterizaci\u00f3n y el plan para reactivar los proyectos productivos afectados por la emergencia en El Catatumbo, son las principales conclusiones del di\u00e1logo con firmantes de paz que est\u00e1n en el albergue gestionado por la entidad. La directora de la Agencia para la Reincorporaci\u00f3n, Alejandra Miller, encabez\u00f3 el encuentro, &hellip;<\/p>\n","protected":false},"author":1,"featured_media":44274,"comment_status":"open","ping_status":"open","sticky":false,"template":"","format":"standard","meta":{"footnotes":""},"categories":[4,4561,32],"tags":[6815,246],"class_list":["post-44273","post","type-post","status-publish","format-standard","has-post-thumbnail","hentry","category-barra","category-el-catatumbo","category-recorrido-por-la-region","tag-arn-en-norte-de-santander","tag-el-catatumbo"],"_links":{"self":[{"href":"https:\/\/contraluzcucuta.co\/index.php?rest_route=\/wp\/v2\/posts\/44273","targetHints":{"allow":["GET"]}}],"collection":[{"href":"https:\/\/contraluzcucuta.co\/index.php?rest_route=\/wp\/v2\/posts"}],"about":[{"href":"https:\/\/contraluzcucuta.co\/index.php?rest_route=\/wp\/v2\/types\/post"}],"author":[{"embeddable":true,"href":"https:\/\/contraluzcucuta.co\/index.php?rest_route=\/wp\/v2\/users\/1"}],"replies":[{"embeddable":true,"href":"https:\/\/contraluzcucuta.co\/index.php?rest_route=%2Fwp%2Fv2%2Fcomments&post=44273"}],"version-history":[{"count":1,"href":"https:\/\/contraluzcucuta.co\/index.php?rest_route=\/wp\/v2\/posts\/44273\/revisions"}],"predecessor-version":[{"id":44276,"href":"https:\/\/contraluzcucuta.co\/index.php?rest_route=\/wp\/v2\/posts\/44273\/revisions\/44276"}],"wp:featuredmedia":[{"embeddable":true,"href":"https:\/\/contraluzcucuta.co\/index.php?rest_route=\/wp\/v2\/media\/44274"}],"wp:attachment":[{"href":"https:\/\/contraluzcucuta.co\/index.php?rest_route=%2Fwp%2Fv2%2Fmedia&parent=44273"}],"wp:term":[{"taxonomy":"category","embeddable":true,"href":"https:\/\/contraluzcucuta.co\/index.php?rest_route=%2Fwp%2Fv2%2Fcategories&post=44273"},{"taxonomy":"post_tag","embeddable":true,"href":"https:\/\/contraluzcucuta.co\/index.php?rest_route=%2Fwp%2Fv2%2Ftags&post=44273"}],"curies":[{"name":"wp","href":"https:\/\/api.w.org\/{rel}","templated":true}]}}