{"id":44209,"date":"2025-02-10T06:13:48","date_gmt":"2025-02-10T11:13:48","guid":{"rendered":"https:\/\/contraluzcucuta.co\/?p=44209"},"modified":"2025-02-10T06:13:48","modified_gmt":"2025-02-10T11:13:48","slug":"malla-vial-avance-de-las-obras-22","status":"publish","type":"post","link":"https:\/\/contraluzcucuta.co\/?p=44209","title":{"rendered":"MALLA VIAL. Avance de las obras: 22 %"},"content":{"rendered":"<p><a href=\"https:\/\/contraluzcucuta.co\/wp-content\/uploads\/2025\/02\/MALLA-VIAL-11.jpeg\"><img loading=\"lazy\" decoding=\"async\" class=\"alignnone  wp-image-44211 alignleft\" src=\"https:\/\/contraluzcucuta.co\/wp-content\/uploads\/2025\/02\/MALLA-VIAL-11-300x200.jpeg\" alt=\"\" width=\"248\" height=\"165\" srcset=\"https:\/\/contraluzcucuta.co\/wp-content\/uploads\/2025\/02\/MALLA-VIAL-11-300x200.jpeg 300w, https:\/\/contraluzcucuta.co\/wp-content\/uploads\/2025\/02\/MALLA-VIAL-11-600x400.jpeg 600w, https:\/\/contraluzcucuta.co\/wp-content\/uploads\/2025\/02\/MALLA-VIAL-11-1024x683.jpeg 1024w, https:\/\/contraluzcucuta.co\/wp-content\/uploads\/2025\/02\/MALLA-VIAL-11-768x512.jpeg 768w, https:\/\/contraluzcucuta.co\/wp-content\/uploads\/2025\/02\/MALLA-VIAL-11-1536x1024.jpeg 1536w, https:\/\/contraluzcucuta.co\/wp-content\/uploads\/2025\/02\/MALLA-VIAL-11-310x205.jpeg 310w, https:\/\/contraluzcucuta.co\/wp-content\/uploads\/2025\/02\/MALLA-VIAL-11.jpeg 1600w\" sizes=\"auto, (max-width: 248px) 100vw, 248px\" \/><\/a><\/p>\n<p><strong><span style=\"color: #ff9900;\">C\u00daCUTA.- Las obras adelantadas en el pol\u00edgono del centro de la ciudad cuentan con el avance del 22 %.\u00a0 El prop\u00f3sito es priorizar el desarrollo urbano y la calidad de vida de los cucute\u00f1os. \u00a0El proyecto comenz\u00f3 a finales de diciembre y comprende un \u00e1rea de 7,3 kil\u00f3metros, de los cuales se han ejecutado 1,9 y est\u00e1n en ejecuci\u00f3n 780 metros lineales.<\/span><\/strong><\/p>\n<p>\u201cHemos logrado contar con este porcentaje de avance en solo un mes de trabajo y continuaremos ejecutando estas obras con responsabilidad, porque entendemos que es una necesidad de la ciudad\u201d, dijo el secretario de Infraestructura, Sebasti\u00e1n Ruiz.<\/p>\n<p>Entre los puntos ejecutados al 100 % se encuentran:<\/p>\n<p>&#8211;\u00a0\u00a0\u00a0\u00a0\u00a0\u00a0\u00a0\u00a0\u00a0 Avenida 3 entre calles 18 y 20, Centro.<\/p>\n<p>&#8211;\u00a0\u00a0\u00a0\u00a0\u00a0\u00a0\u00a0\u00a0\u00a0 Avenida 8E, entre Diagonal Santander y calle 12, La Riviera.<\/p>\n<p>&#8211;\u00a0\u00a0\u00a0\u00a0\u00a0\u00a0\u00a0\u00a0\u00a0 Calle 21 entre avenidas 3A y 1, San Rafael.<\/p>\n<p>&#8211;\u00a0\u00a0\u00a0\u00a0\u00a0\u00a0\u00a0\u00a0\u00a0 Avenida 3A entre calle 24 y avenida 1, San Rafael.<\/p>\n<p>&#8211;\u00a0\u00a0\u00a0\u00a0\u00a0\u00a0\u00a0\u00a0\u00a0 Avenida 12 entre calles 15 y 17, El Contento.<\/p>\n<p>&#8211;\u00a0\u00a0\u00a0\u00a0\u00a0\u00a0\u00a0\u00a0\u00a0 Avenida 2E con calle 17, Caobos.<\/p>\n<p>&#8211;\u00a0\u00a0\u00a0\u00a0\u00a0\u00a0\u00a0\u00a0\u00a0 Avenida 2E entre calles 13 y 12.<\/p>\n<p>&#8211;\u00a0\u00a0\u00a0\u00a0\u00a0\u00a0\u00a0\u00a0\u00a0 Avenida 3A entre calles 13 y 13A, Caobos.<\/p>\n<p>&#8211;\u00a0\u00a0\u00a0\u00a0\u00a0\u00a0\u00a0\u00a0\u00a0 Avenida 3A entre 11 y 11A.<\/p>\n<p>&#8211;\u00a0\u00a0\u00a0\u00a0\u00a0\u00a0\u00a0\u00a0\u00a0 Calle 6 entre avenidas 6 y 7, Centro.<\/p>\n<p>La semana pasada comenzaron las intervenciones en otros dos sectores claves:<\/p>\n<ul>\n<li>Calle 4 entre avenidas 6 y 7 del Centro<\/li>\n<li>Avenida 11 entre calles 12 y 14 de El Contento.<\/li>\n<\/ul>\n<p>La administraci\u00f3n municipal anunci\u00f3 que este mes empezar\u00e1n las intervenciones en las comunas 3 y 4, trabajos que optimizar\u00e1n v\u00edas de acceso y mejorar\u00e1n el desplazamiento de habitantes y visitantes de estos sectores.<\/p>\n","protected":false},"excerpt":{"rendered":"<p>C\u00daCUTA.- Las obras adelantadas en el pol\u00edgono del centro de la ciudad cuentan con el avance del 22 %.\u00a0 El prop\u00f3sito es priorizar el desarrollo urbano y la calidad de vida de los cucute\u00f1os. \u00a0El proyecto comenz\u00f3 a finales de diciembre y comprende un \u00e1rea de 7,3 kil\u00f3metros, de los cuales se han ejecutado 1,9 &hellip;<\/p>\n","protected":false},"author":1,"featured_media":44210,"comment_status":"open","ping_status":"open","sticky":false,"template":"","format":"standard","meta":{"footnotes":""},"categories":[2625,4],"tags":[226,5928],"class_list":["post-44209","post","type-post","status-publish","format-standard","has-post-thumbnail","hentry","category-alcaldia-de-cucuta","category-barra","tag-alcaldia-de-cucuta","tag-malla-vial-cucutena"],"_links":{"self":[{"href":"https:\/\/contraluzcucuta.co\/index.php?rest_route=\/wp\/v2\/posts\/44209","targetHints":{"allow":["GET"]}}],"collection":[{"href":"https:\/\/contraluzcucuta.co\/index.php?rest_route=\/wp\/v2\/posts"}],"about":[{"href":"https:\/\/contraluzcucuta.co\/index.php?rest_route=\/wp\/v2\/types\/post"}],"author":[{"embeddable":true,"href":"https:\/\/contraluzcucuta.co\/index.php?rest_route=\/wp\/v2\/users\/1"}],"replies":[{"embeddable":true,"href":"https:\/\/contraluzcucuta.co\/index.php?rest_route=%2Fwp%2Fv2%2Fcomments&post=44209"}],"version-history":[{"count":1,"href":"https:\/\/contraluzcucuta.co\/index.php?rest_route=\/wp\/v2\/posts\/44209\/revisions"}],"predecessor-version":[{"id":44212,"href":"https:\/\/contraluzcucuta.co\/index.php?rest_route=\/wp\/v2\/posts\/44209\/revisions\/44212"}],"wp:featuredmedia":[{"embeddable":true,"href":"https:\/\/contraluzcucuta.co\/index.php?rest_route=\/wp\/v2\/media\/44210"}],"wp:attachment":[{"href":"https:\/\/contraluzcucuta.co\/index.php?rest_route=%2Fwp%2Fv2%2Fmedia&parent=44209"}],"wp:term":[{"taxonomy":"category","embeddable":true,"href":"https:\/\/contraluzcucuta.co\/index.php?rest_route=%2Fwp%2Fv2%2Fcategories&post=44209"},{"taxonomy":"post_tag","embeddable":true,"href":"https:\/\/contraluzcucuta.co\/index.php?rest_route=%2Fwp%2Fv2%2Ftags&post=44209"}],"curies":[{"name":"wp","href":"https:\/\/api.w.org\/{rel}","templated":true}]}}