{"id":44191,"date":"2025-02-09T10:23:16","date_gmt":"2025-02-09T15:23:16","guid":{"rendered":"https:\/\/contraluzcucuta.co\/?p=44191"},"modified":"2025-02-09T10:23:16","modified_gmt":"2025-02-09T15:23:16","slug":"comite-de-justicia-transicional-llamado-a-la-paz-hizo-el-gobernador-william-villamizar","status":"publish","type":"post","link":"https:\/\/contraluzcucuta.co\/?p=44191","title":{"rendered":"COMIT\u00c9 DE JUSTICIA TRANSICIONAL. Llamado a la paz hizo el gobernador William Villamizar"},"content":{"rendered":"<p><a href=\"https:\/\/contraluzcucuta.co\/wp-content\/uploads\/2025\/02\/COMITE-DE-JUSTICIA-TRANSICIONAL-2.jpg\"><img loading=\"lazy\" decoding=\"async\" class=\"alignnone  wp-image-44193 alignright\" src=\"https:\/\/contraluzcucuta.co\/wp-content\/uploads\/2025\/02\/COMITE-DE-JUSTICIA-TRANSICIONAL-2-300x200.jpg\" alt=\"\" width=\"243\" height=\"162\" srcset=\"https:\/\/contraluzcucuta.co\/wp-content\/uploads\/2025\/02\/COMITE-DE-JUSTICIA-TRANSICIONAL-2-300x200.jpg 300w, https:\/\/contraluzcucuta.co\/wp-content\/uploads\/2025\/02\/COMITE-DE-JUSTICIA-TRANSICIONAL-2-600x400.jpg 600w, https:\/\/contraluzcucuta.co\/wp-content\/uploads\/2025\/02\/COMITE-DE-JUSTICIA-TRANSICIONAL-2-1024x682.jpg 1024w, https:\/\/contraluzcucuta.co\/wp-content\/uploads\/2025\/02\/COMITE-DE-JUSTICIA-TRANSICIONAL-2-768x512.jpg 768w, https:\/\/contraluzcucuta.co\/wp-content\/uploads\/2025\/02\/COMITE-DE-JUSTICIA-TRANSICIONAL-2-1536x1024.jpg 1536w, https:\/\/contraluzcucuta.co\/wp-content\/uploads\/2025\/02\/COMITE-DE-JUSTICIA-TRANSICIONAL-2-2048x1365.jpg 2048w, https:\/\/contraluzcucuta.co\/wp-content\/uploads\/2025\/02\/COMITE-DE-JUSTICIA-TRANSICIONAL-2-310x205.jpg 310w\" sizes=\"auto, (max-width: 243px) 100vw, 243px\" \/><\/a><\/p>\n<p><strong><span style=\"color: #ff9900;\">C\u00daCUTA.- Un llamado a la ciudadan\u00eda y a la poblaci\u00f3n nortesantandereana para seguir apost\u00e1ndole a la paz como camino para el desarrollo, hizo el gobernador William Villamizar en el Comit\u00e9 de Justicia Transicional. Llam\u00f3 a los grupos armados organizados a cesar las hostilidades, con el objetivo de consolidar El Catatumbo como regi\u00f3n de progreso y oportunidades.<\/span><\/strong><\/p>\n<p>\u201cEl objetivo fundamental es lograr una paz duradera en Norte de Santander. Para ello, continuaremos trabajando sin abandonar la idea de impulsar el acuerdo de paz con las FARC\u201d, coment\u00f3 el Gobernador.<\/p>\n<p>Desde la administraci\u00f3n departamental se consider\u00f3 que el Gobierno debe revisar c\u00f3mo lograr acuerdos con el ELN, pues, a esta regi\u00f3n, le conviene la paz. \u201cLa paz no puede depender \u00fanicamente de la presencia militar, sino que debe estar acompa\u00f1ada de una inversi\u00f3n social real y efectiva\u201d, se\u00f1al\u00f3 Villamizar.<\/p>\n<p>\u201cSolo en un territorio en calma podremos atraer inversi\u00f3n, generar empleo y garantizar un futuro digno para los que est\u00e1n ahorita en el territorio y para las nuevas generaciones\u201d, concluy\u00f3.<\/p>\n","protected":false},"excerpt":{"rendered":"<p>C\u00daCUTA.- Un llamado a la ciudadan\u00eda y a la poblaci\u00f3n nortesantandereana para seguir apost\u00e1ndole a la paz como camino para el desarrollo, hizo el gobernador William Villamizar en el Comit\u00e9 de Justicia Transicional. Llam\u00f3 a los grupos armados organizados a cesar las hostilidades, con el objetivo de consolidar El Catatumbo como regi\u00f3n de progreso y &hellip;<\/p>\n","protected":false},"author":1,"featured_media":44192,"comment_status":"open","ping_status":"open","sticky":false,"template":"","format":"standard","meta":{"footnotes":""},"categories":[45,4],"tags":[1630,2800],"class_list":["post-44191","post","type-post","status-publish","format-standard","has-post-thumbnail","hentry","category-destacado","category-barra","tag-comite-de-justicia-transicional-de-norte-de-santander","tag-gobernador-william-villamizar"],"_links":{"self":[{"href":"https:\/\/contraluzcucuta.co\/index.php?rest_route=\/wp\/v2\/posts\/44191","targetHints":{"allow":["GET"]}}],"collection":[{"href":"https:\/\/contraluzcucuta.co\/index.php?rest_route=\/wp\/v2\/posts"}],"about":[{"href":"https:\/\/contraluzcucuta.co\/index.php?rest_route=\/wp\/v2\/types\/post"}],"author":[{"embeddable":true,"href":"https:\/\/contraluzcucuta.co\/index.php?rest_route=\/wp\/v2\/users\/1"}],"replies":[{"embeddable":true,"href":"https:\/\/contraluzcucuta.co\/index.php?rest_route=%2Fwp%2Fv2%2Fcomments&post=44191"}],"version-history":[{"count":1,"href":"https:\/\/contraluzcucuta.co\/index.php?rest_route=\/wp\/v2\/posts\/44191\/revisions"}],"predecessor-version":[{"id":44194,"href":"https:\/\/contraluzcucuta.co\/index.php?rest_route=\/wp\/v2\/posts\/44191\/revisions\/44194"}],"wp:featuredmedia":[{"embeddable":true,"href":"https:\/\/contraluzcucuta.co\/index.php?rest_route=\/wp\/v2\/media\/44192"}],"wp:attachment":[{"href":"https:\/\/contraluzcucuta.co\/index.php?rest_route=%2Fwp%2Fv2%2Fmedia&parent=44191"}],"wp:term":[{"taxonomy":"category","embeddable":true,"href":"https:\/\/contraluzcucuta.co\/index.php?rest_route=%2Fwp%2Fv2%2Fcategories&post=44191"},{"taxonomy":"post_tag","embeddable":true,"href":"https:\/\/contraluzcucuta.co\/index.php?rest_route=%2Fwp%2Fv2%2Ftags&post=44191"}],"curies":[{"name":"wp","href":"https:\/\/api.w.org\/{rel}","templated":true}]}}