{"id":44187,"date":"2025-02-09T09:56:25","date_gmt":"2025-02-09T14:56:25","guid":{"rendered":"https:\/\/contraluzcucuta.co\/?p=44187"},"modified":"2025-02-09T09:56:25","modified_gmt":"2025-02-09T14:56:25","slug":"regreso-a-clases-en-el-catatumbo-903-sedes-educativas-en-servicio","status":"publish","type":"post","link":"https:\/\/contraluzcucuta.co\/?p=44187","title":{"rendered":"REGRESO A CLASES EN EL CATATUMBO. 903 sedes educativas, en servicio"},"content":{"rendered":"<p style=\"padding-left: 40px; text-align: right;\"><strong><span style=\"color: #ff9900;\">C\u00daCUTA.- De las 954 sedes educativas de El Catatumbo, 903 prestan el servicio. De esas, 796 en presencialidad, 89 en virtualidad y 18 con trabajo hibrido. El balance del regreso gradual y progresivo a las aulas de clase lo present\u00f3 la secretaria de Educaci\u00f3n, Laura C\u00e1ceres, ante el Comit\u00e9 Extraordinario de Justicia Transicional.<\/span><\/strong><\/p>\n<p><a href=\"https:\/\/contraluzcucuta.co\/wp-content\/uploads\/2025\/02\/DESPLAZADOS-EDUCACION-3-scaled.jpg\"><img loading=\"lazy\" decoding=\"async\" class=\"alignnone  wp-image-44189 alignleft\" src=\"https:\/\/contraluzcucuta.co\/wp-content\/uploads\/2025\/02\/DESPLAZADOS-EDUCACION-3-300x200.jpg\" alt=\"\" width=\"249\" height=\"166\" srcset=\"https:\/\/contraluzcucuta.co\/wp-content\/uploads\/2025\/02\/DESPLAZADOS-EDUCACION-3-300x200.jpg 300w, https:\/\/contraluzcucuta.co\/wp-content\/uploads\/2025\/02\/DESPLAZADOS-EDUCACION-3-scaled-600x400.jpg 600w, https:\/\/contraluzcucuta.co\/wp-content\/uploads\/2025\/02\/DESPLAZADOS-EDUCACION-3-1024x683.jpg 1024w, https:\/\/contraluzcucuta.co\/wp-content\/uploads\/2025\/02\/DESPLAZADOS-EDUCACION-3-768x512.jpg 768w, https:\/\/contraluzcucuta.co\/wp-content\/uploads\/2025\/02\/DESPLAZADOS-EDUCACION-3-1536x1024.jpg 1536w, https:\/\/contraluzcucuta.co\/wp-content\/uploads\/2025\/02\/DESPLAZADOS-EDUCACION-3-2048x1365.jpg 2048w, https:\/\/contraluzcucuta.co\/wp-content\/uploads\/2025\/02\/DESPLAZADOS-EDUCACION-3-310x205.jpg 310w\" sizes=\"auto, (max-width: 249px) 100vw, 249px\" \/><\/a><\/p>\n<p>Adem\u00e1s, detall\u00f3 las acciones desarrolladas por el gobierno departamental para garantizar el acceso a la educaci\u00f3n de los ni\u00f1os que permanecen en albergues de C\u00facuta, Oca\u00f1a y Tib\u00fa.<\/p>\n<p>\u201cEsto significa que estamos atendiendo a 45.207 menores en Convenci\u00f3n, Hacar\u00ed, El Tarra, San Calixto, Teorama, Tib\u00fa, El Carmen, La Playa, \u00c1brego y Sardinata\u201d, DIJO LA FUNCIONARIA. La prestaci\u00f3n del servicio se brinda de acuerdo con el contexto. A\u00fan quedan 51 sedes sin iniciar trabajos por la alteraci\u00f3n del orden p\u00fablico.<\/p>\n<p>De los estudiantes que permanecen en albergues se inform\u00f3:<\/p>\n<ul>\n<li>En C\u00facuta. Se han recibido entre 175 y 286 en el Colegio Temporal para la Paz, desde el 28 de enero. Se les han garantizado transporte escolar, alimentaci\u00f3n, uniformes y kits para el estudio.<\/li>\n<li>En Oca\u00f1a. Desde el 30 de enero se habilitaron 14 aulas en la I.E. Agustina Ferro, en la jornada de la tarde. Se han atendido entre 208 y 300 alumnos.<\/li>\n<li>En Tib\u00fa. Con apoyo de Unicef, se instalaron 2 aulas temporales y con docentes itinerantes se forma a 85 menores, los cuales permanecen en 2 albergues.<\/li>\n<\/ul>\n<p>Se espera que a medida que retornen la tranquilidad y la paz puedan regresar a los lugares de origen para asistir a las instituciones educativas.<\/p>\n<p>Andrea Pinto Sierra &#8211; @GoberNorte<\/p>\n","protected":false},"excerpt":{"rendered":"<p>C\u00daCUTA.- De las 954 sedes educativas de El Catatumbo, 903 prestan el servicio. De esas, 796 en presencialidad, 89 en virtualidad y 18 con trabajo hibrido. El balance del regreso gradual y progresivo a las aulas de clase lo present\u00f3 la secretaria de Educaci\u00f3n, Laura C\u00e1ceres, ante el Comit\u00e9 Extraordinario de Justicia Transicional. Adem\u00e1s, detall\u00f3 &hellip;<\/p>\n","protected":false},"author":1,"featured_media":44188,"comment_status":"open","ping_status":"open","sticky":false,"template":"","format":"standard","meta":{"footnotes":""},"categories":[4,32],"tags":[3955,3972,1773,671,574,575,4002,638,6326,717,279],"class_list":["post-44187","post","type-post","status-publish","format-standard","has-post-thumbnail","hentry","category-barra","category-recorrido-por-la-region","tag-abrego","tag-convencion","tag-el-carmen","tag-el-tarra","tag-hacari","tag-la-playa","tag-san-calixto","tag-sardinata","tag-secretaria-de-educacion-del-departamento","tag-teorama","tag-tibu"],"_links":{"self":[{"href":"https:\/\/contraluzcucuta.co\/index.php?rest_route=\/wp\/v2\/posts\/44187","targetHints":{"allow":["GET"]}}],"collection":[{"href":"https:\/\/contraluzcucuta.co\/index.php?rest_route=\/wp\/v2\/posts"}],"about":[{"href":"https:\/\/contraluzcucuta.co\/index.php?rest_route=\/wp\/v2\/types\/post"}],"author":[{"embeddable":true,"href":"https:\/\/contraluzcucuta.co\/index.php?rest_route=\/wp\/v2\/users\/1"}],"replies":[{"embeddable":true,"href":"https:\/\/contraluzcucuta.co\/index.php?rest_route=%2Fwp%2Fv2%2Fcomments&post=44187"}],"version-history":[{"count":1,"href":"https:\/\/contraluzcucuta.co\/index.php?rest_route=\/wp\/v2\/posts\/44187\/revisions"}],"predecessor-version":[{"id":44190,"href":"https:\/\/contraluzcucuta.co\/index.php?rest_route=\/wp\/v2\/posts\/44187\/revisions\/44190"}],"wp:featuredmedia":[{"embeddable":true,"href":"https:\/\/contraluzcucuta.co\/index.php?rest_route=\/wp\/v2\/media\/44188"}],"wp:attachment":[{"href":"https:\/\/contraluzcucuta.co\/index.php?rest_route=%2Fwp%2Fv2%2Fmedia&parent=44187"}],"wp:term":[{"taxonomy":"category","embeddable":true,"href":"https:\/\/contraluzcucuta.co\/index.php?rest_route=%2Fwp%2Fv2%2Fcategories&post=44187"},{"taxonomy":"post_tag","embeddable":true,"href":"https:\/\/contraluzcucuta.co\/index.php?rest_route=%2Fwp%2Fv2%2Ftags&post=44187"}],"curies":[{"name":"wp","href":"https:\/\/api.w.org\/{rel}","templated":true}]}}