{"id":44183,"date":"2025-02-09T09:27:00","date_gmt":"2025-02-09T14:27:00","guid":{"rendered":"https:\/\/contraluzcucuta.co\/?p=44183"},"modified":"2025-02-09T11:23:44","modified_gmt":"2025-02-09T16:23:44","slug":"desplazados-de-el-catatumbo-entregadas-cinco-toneladas-de-ayudas-humanitarias","status":"publish","type":"post","link":"https:\/\/contraluzcucuta.co\/?p=44183","title":{"rendered":"DESPLAZADOS DE EL CATATUMBO. Entregadas cinco toneladas de ayudas humanitarias"},"content":{"rendered":"<p><a href=\"https:\/\/contraluzcucuta.co\/wp-content\/uploads\/2025\/02\/DESPLAZADOS-AYUDAS-2-scaled.jpeg\"><img loading=\"lazy\" decoding=\"async\" class=\"alignnone wp-image-44185 alignleft\" src=\"https:\/\/contraluzcucuta.co\/wp-content\/uploads\/2025\/02\/DESPLAZADOS-AYUDAS-2-300x169.jpeg\" alt=\"\" width=\"249\" height=\"140\" srcset=\"https:\/\/contraluzcucuta.co\/wp-content\/uploads\/2025\/02\/DESPLAZADOS-AYUDAS-2-300x169.jpeg 300w, https:\/\/contraluzcucuta.co\/wp-content\/uploads\/2025\/02\/DESPLAZADOS-AYUDAS-2-scaled-600x338.jpeg 600w, https:\/\/contraluzcucuta.co\/wp-content\/uploads\/2025\/02\/DESPLAZADOS-AYUDAS-2-1024x576.jpeg 1024w, https:\/\/contraluzcucuta.co\/wp-content\/uploads\/2025\/02\/DESPLAZADOS-AYUDAS-2-768x432.jpeg 768w, https:\/\/contraluzcucuta.co\/wp-content\/uploads\/2025\/02\/DESPLAZADOS-AYUDAS-2-1536x864.jpeg 1536w, https:\/\/contraluzcucuta.co\/wp-content\/uploads\/2025\/02\/DESPLAZADOS-AYUDAS-2-2048x1152.jpeg 2048w\" sizes=\"auto, (max-width: 249px) 100vw, 249px\" \/><\/a><\/p>\n<p><strong><span style=\"color: #ff9900;\">C\u00daCUTA.- Finaliz\u00f3 la segunda fase de las ayudas humanitarias a las familias que llegaron a C\u00facuta desde El Catatumbo, desplazadas por la violencia. La Alcald\u00eda y organizaciones de cooperaci\u00f3n internacional entregaron el 34 % de las ayudas proyectadas. Se ten\u00edan habilitados 3200 n\u00facleos, de los cuales se acercaron al estadio General Santander 1100.<\/span><\/strong><\/p>\n<p>&#8220;Para recibir las ayudas, los beneficiarios deb\u00edan estar censados, no haber recibido ayudas la semana anterior, no estar en hoteles y no haber recibido tiquetes de transporte\u201d, explic\u00f3 Albeiro Boh\u00f3rquez, funcionario del gabinete municipal.<\/p>\n<p>Las entregas se llevaron a cabo mediante la modalidad de pico y c\u00e9dula, seg\u00fan el \u00faltimo d\u00edgito del documento de los beneficiarios. El voluntariado arm\u00f3 paquetes que permiten aprovechar las donaciones de cucute\u00f1os, nortesantandereanos y colombianos, en general.<\/p>\n<p>El Comit\u00e9 Territorial de Justicia Transicional determinar\u00e1 en qu\u00e9 fecha se retomar\u00e1 la entrega de ayudas a las familias censadas del 26 al 31 de enero. \u00a0Los n\u00facleos familiares que llegan desplazados a C\u00facuta deben acercarse a la Defensor\u00eda del Pueblo o a la Personer\u00eda para efectuar el censo. Ah\u00ed, ser\u00e1n enviados al estadio con remisi\u00f3n para recibir las ayudas humanitarias.<\/p>\n<p>La Alcald\u00eda de C\u00facuta invit\u00f3 a la comunidad de El Catatumbo a que conozcan los detalles de las entregas.<\/p>\n","protected":false},"excerpt":{"rendered":"<p>C\u00daCUTA.- Finaliz\u00f3 la segunda fase de las ayudas humanitarias a las familias que llegaron a C\u00facuta desde El Catatumbo, desplazadas por la violencia. La Alcald\u00eda y organizaciones de cooperaci\u00f3n internacional entregaron el 34 % de las ayudas proyectadas. Se ten\u00edan habilitados 3200 n\u00facleos, de los cuales se acercaron al estadio General Santander 1100. &#8220;Para recibir &hellip;<\/p>\n","protected":false},"author":1,"featured_media":44184,"comment_status":"open","ping_status":"open","sticky":false,"template":"","format":"standard","meta":{"footnotes":""},"categories":[4,4561,36],"tags":[226,246],"class_list":["post-44183","post","type-post","status-publish","format-standard","has-post-thumbnail","hentry","category-barra","category-el-catatumbo","category-la-voz-del-pueblo","tag-alcaldia-de-cucuta","tag-el-catatumbo"],"_links":{"self":[{"href":"https:\/\/contraluzcucuta.co\/index.php?rest_route=\/wp\/v2\/posts\/44183","targetHints":{"allow":["GET"]}}],"collection":[{"href":"https:\/\/contraluzcucuta.co\/index.php?rest_route=\/wp\/v2\/posts"}],"about":[{"href":"https:\/\/contraluzcucuta.co\/index.php?rest_route=\/wp\/v2\/types\/post"}],"author":[{"embeddable":true,"href":"https:\/\/contraluzcucuta.co\/index.php?rest_route=\/wp\/v2\/users\/1"}],"replies":[{"embeddable":true,"href":"https:\/\/contraluzcucuta.co\/index.php?rest_route=%2Fwp%2Fv2%2Fcomments&post=44183"}],"version-history":[{"count":2,"href":"https:\/\/contraluzcucuta.co\/index.php?rest_route=\/wp\/v2\/posts\/44183\/revisions"}],"predecessor-version":[{"id":44202,"href":"https:\/\/contraluzcucuta.co\/index.php?rest_route=\/wp\/v2\/posts\/44183\/revisions\/44202"}],"wp:featuredmedia":[{"embeddable":true,"href":"https:\/\/contraluzcucuta.co\/index.php?rest_route=\/wp\/v2\/media\/44184"}],"wp:attachment":[{"href":"https:\/\/contraluzcucuta.co\/index.php?rest_route=%2Fwp%2Fv2%2Fmedia&parent=44183"}],"wp:term":[{"taxonomy":"category","embeddable":true,"href":"https:\/\/contraluzcucuta.co\/index.php?rest_route=%2Fwp%2Fv2%2Fcategories&post=44183"},{"taxonomy":"post_tag","embeddable":true,"href":"https:\/\/contraluzcucuta.co\/index.php?rest_route=%2Fwp%2Fv2%2Ftags&post=44183"}],"curies":[{"name":"wp","href":"https:\/\/api.w.org\/{rel}","templated":true}]}}