{"id":44120,"date":"2025-02-02T09:14:24","date_gmt":"2025-02-02T14:14:24","guid":{"rendered":"https:\/\/contraluzcucuta.co\/?p=44120"},"modified":"2025-02-02T09:14:24","modified_gmt":"2025-02-02T14:14:24","slug":"decretos-106-107-y-108-garantizan-medios-de-vida-y-produccion-de-alimentos-en-el-catatumbo","status":"publish","type":"post","link":"https:\/\/contraluzcucuta.co\/?p=44120","title":{"rendered":"DECRETOS 106, 107 Y 108. Garantizan medios de vida y producci\u00f3n de alimentos, en El Catatumbo"},"content":{"rendered":"<p style=\"padding-left: 40px; text-align: right;\"><strong><span style=\"color: #ff9900;\">BOGOT\u00c1.- En cumplimiento de la declaratoria del Estado de Conmoci\u00f3n Interior por 90 d\u00edas en la regi\u00f3n de El Catatumbo, el Ministerio de Agricultura expidi\u00f3 los decretos 106, 107 y 108 del 30 de enero del 2025. El objetivo es garantizar medios de vida y producci\u00f3n de alimentos, la protecci\u00f3n de zonas agr\u00edcolas y de las cadenas productivas, y la protecci\u00f3n de las tierras de quienes se desplazaron para proteger la vida en medio del conflicto entre grupos armados criminales.<\/span><\/strong><\/p>\n<p><strong>Decreto 106<\/strong><\/p>\n<p>Adopta medidas para garantizar medios de vida y producci\u00f3n de alimentos con financiamiento, cr\u00e9dito, alivio de pasivos y suspensi\u00f3n de cobro judicial en el sector agropecuario, con el fin de mitigar los efectos del desplazamiento y para facilitar el retorno de los campesinos.<\/p>\n<p>Ordena criterios de priorizaci\u00f3n para las mujeres del campo y las v\u00edctimas del desplazamiento forzado, y los vinculados al Programa Nacional Integral de Sustituci\u00f3n de Cultivos de Uso Il\u00edcito. Tambi\u00e9n, deben ser priorizados los firmantes de paz o en proceso de reincorporaci\u00f3n.<\/p>\n<p><strong>Decreto 107<\/strong><\/p>\n<p>Faculta a la Agencia de Desarrollo Rural (ADR) para contratar de manera directa, por medio de sociedades de econom\u00eda mixta, empresas industriales y comerciales del Estado, asociaciones campesinas y agropecuarias, la adquisici\u00f3n de bienes y servicios, log\u00edstica y todo lo relacionado con el desarrollo de los apoyos e incentivos que requiera el sector, para lo cual debe haber una justificaci\u00f3n t\u00e9cnica previa y solo regir\u00e1 durante el tiempo que dure el estado de excepci\u00f3n.<\/p>\n<p>Para proteger las cadenas productivas y los sistemas agroalimentarios en El Catatumbo, los Fondos Especiales de Fomento Agropecuario que hagan presencia en los municipios cobijados por el Estado de Conmoci\u00f3n \u201cdestinar\u00e1n al menos el 2,0 % de las contribuciones parafiscales, incluidas en el presupuesto global anual de 2025\u201d.<\/p>\n<p><strong>Decreto 108<\/strong><\/p>\n<p>Busca mitigar los efectos de la situaci\u00f3n de violencia respecto de la titulaci\u00f3n, la tenencia y ocupaci\u00f3n de bienes de los campesinos y de los peque\u00f1os y medianos productores.<\/p>\n<p>Ordena a la Unidad Administrativa Especial de Gesti\u00f3n de Restituci\u00f3n de Tierras Despojadas elaborar el registro de los predios rurales abandonados por los desplazados o por los que permanecen en estado de confinamiento.<\/p>\n<p>Se faculta al Fondo Agropecuario de Garant\u00edas para otorgar garant\u00edas del 100 % a los cr\u00e9ditos de los proyectos productivos de las personas desplazadas.<\/p>\n<p>Tambi\u00e9n, dispone de inmuebles de vocaci\u00f3n agropecuaria para la estabilizaci\u00f3n y sostenibilidad en el retorno de las comunidades afectadas por el conflicto armado y para facilitar la reincorporaci\u00f3n a la vida civil de los excombatientes.<\/p>\n<p>El art\u00edculo 4 autoriza la expropiaci\u00f3n por v\u00eda administrativa, mediante el procedimiento dispuesto en la Ley 1523 de 2012, dirigido a atender situaciones de desastre y calamidad p\u00fablica.<\/p>\n","protected":false},"excerpt":{"rendered":"<p>BOGOT\u00c1.- En cumplimiento de la declaratoria del Estado de Conmoci\u00f3n Interior por 90 d\u00edas en la regi\u00f3n de El Catatumbo, el Ministerio de Agricultura expidi\u00f3 los decretos 106, 107 y 108 del 30 de enero del 2025. El objetivo es garantizar medios de vida y producci\u00f3n de alimentos, la protecci\u00f3n de zonas agr\u00edcolas y de &hellip;<\/p>\n","protected":false},"author":1,"featured_media":44121,"comment_status":"open","ping_status":"open","sticky":false,"template":"","format":"standard","meta":{"footnotes":""},"categories":[4,32],"tags":[5452,246,1934],"class_list":["post-44120","post","type-post","status-publish","format-standard","has-post-thumbnail","hentry","category-barra","category-recorrido-por-la-region","tag-agencia-de-desarrollo-rural","tag-el-catatumbo","tag-ministerio-de-agricultura"],"_links":{"self":[{"href":"https:\/\/contraluzcucuta.co\/index.php?rest_route=\/wp\/v2\/posts\/44120","targetHints":{"allow":["GET"]}}],"collection":[{"href":"https:\/\/contraluzcucuta.co\/index.php?rest_route=\/wp\/v2\/posts"}],"about":[{"href":"https:\/\/contraluzcucuta.co\/index.php?rest_route=\/wp\/v2\/types\/post"}],"author":[{"embeddable":true,"href":"https:\/\/contraluzcucuta.co\/index.php?rest_route=\/wp\/v2\/users\/1"}],"replies":[{"embeddable":true,"href":"https:\/\/contraluzcucuta.co\/index.php?rest_route=%2Fwp%2Fv2%2Fcomments&post=44120"}],"version-history":[{"count":1,"href":"https:\/\/contraluzcucuta.co\/index.php?rest_route=\/wp\/v2\/posts\/44120\/revisions"}],"predecessor-version":[{"id":44122,"href":"https:\/\/contraluzcucuta.co\/index.php?rest_route=\/wp\/v2\/posts\/44120\/revisions\/44122"}],"wp:featuredmedia":[{"embeddable":true,"href":"https:\/\/contraluzcucuta.co\/index.php?rest_route=\/wp\/v2\/media\/44121"}],"wp:attachment":[{"href":"https:\/\/contraluzcucuta.co\/index.php?rest_route=%2Fwp%2Fv2%2Fmedia&parent=44120"}],"wp:term":[{"taxonomy":"category","embeddable":true,"href":"https:\/\/contraluzcucuta.co\/index.php?rest_route=%2Fwp%2Fv2%2Fcategories&post=44120"},{"taxonomy":"post_tag","embeddable":true,"href":"https:\/\/contraluzcucuta.co\/index.php?rest_route=%2Fwp%2Fv2%2Ftags&post=44120"}],"curies":[{"name":"wp","href":"https:\/\/api.w.org\/{rel}","templated":true}]}}