{"id":44109,"date":"2025-02-01T10:48:21","date_gmt":"2025-02-01T15:48:21","guid":{"rendered":"https:\/\/contraluzcucuta.co\/?p=44109"},"modified":"2025-02-01T10:48:21","modified_gmt":"2025-02-01T15:48:21","slug":"alcaldia-de-cucuta-desplazados-seran-reubicados-en-albergues","status":"publish","type":"post","link":"https:\/\/contraluzcucuta.co\/?p=44109","title":{"rendered":"ALCALD\u00cdA DE C\u00daCUTA. Desplazados ser\u00e1n reubicados en albergues"},"content":{"rendered":"<p style=\"padding-left: 40px; text-align: right;\"><strong><span style=\"color: #ff9900;\">C\u00daCUTA.- La administraci\u00f3n municipal ha invertido cerca de $ 6000 millones en atenci\u00f3n a los 23.000 hombres y mujeres, ni\u00f1os y adultos, desplazados desde El Catatumbo. \u201cNecesitamos empezar a optimizar los recursos para que no se vea afectado el funcionamiento normal de la Alcald\u00eda de C\u00facuta\u201d, afirm\u00f3 dijo el alcalde Jorge Acevedo.<\/span><\/strong><\/p>\n<p>Para atender la crisis humanitaria originada por la llegada imprevista de los desplazados deber\u00e1 iniciarse el proceso de reubicaci\u00f3n de quienes se encuentran alojadas en hoteles de la ciudad.<\/p>\n<p>Mediante la estrategia implementada para atender la emergencia se ha podido afrontar la crisis de la mejor manera posible garantizando condiciones dignas a los damnificados.<\/p>\n<p>Los alojados en hoteles empezar\u00e1n a ser ubicadas en los albergues temporales que acondiciona la Alcald\u00eda, en colaboraci\u00f3n con cooperantes y entidades gubernamentales y no gubernamentales. La reubicaci\u00f3n iniciar\u00e1 entre domingo y lunes.<\/p>\n<p>\u201cEn este momento tenemos habilitados dos albergues y estamos terminando de revisar y acondicionar un tercero. Estos tres lugares nos permitir\u00e1n alojar cerca de 600 personas\u201d, dijo el Alcalde.<\/p>\n","protected":false},"excerpt":{"rendered":"<p>C\u00daCUTA.- La administraci\u00f3n municipal ha invertido cerca de $ 6000 millones en atenci\u00f3n a los 23.000 hombres y mujeres, ni\u00f1os y adultos, desplazados desde El Catatumbo. \u201cNecesitamos empezar a optimizar los recursos para que no se vea afectado el funcionamiento normal de la Alcald\u00eda de C\u00facuta\u201d, afirm\u00f3 dijo el alcalde Jorge Acevedo. Para atender la &hellip;<\/p>\n","protected":false},"author":1,"featured_media":44110,"comment_status":"open","ping_status":"open","sticky":false,"template":"","format":"standard","meta":{"footnotes":""},"categories":[4,36],"tags":[226,246],"class_list":["post-44109","post","type-post","status-publish","format-standard","has-post-thumbnail","hentry","category-barra","category-la-voz-del-pueblo","tag-alcaldia-de-cucuta","tag-el-catatumbo"],"_links":{"self":[{"href":"https:\/\/contraluzcucuta.co\/index.php?rest_route=\/wp\/v2\/posts\/44109","targetHints":{"allow":["GET"]}}],"collection":[{"href":"https:\/\/contraluzcucuta.co\/index.php?rest_route=\/wp\/v2\/posts"}],"about":[{"href":"https:\/\/contraluzcucuta.co\/index.php?rest_route=\/wp\/v2\/types\/post"}],"author":[{"embeddable":true,"href":"https:\/\/contraluzcucuta.co\/index.php?rest_route=\/wp\/v2\/users\/1"}],"replies":[{"embeddable":true,"href":"https:\/\/contraluzcucuta.co\/index.php?rest_route=%2Fwp%2Fv2%2Fcomments&post=44109"}],"version-history":[{"count":1,"href":"https:\/\/contraluzcucuta.co\/index.php?rest_route=\/wp\/v2\/posts\/44109\/revisions"}],"predecessor-version":[{"id":44111,"href":"https:\/\/contraluzcucuta.co\/index.php?rest_route=\/wp\/v2\/posts\/44109\/revisions\/44111"}],"wp:featuredmedia":[{"embeddable":true,"href":"https:\/\/contraluzcucuta.co\/index.php?rest_route=\/wp\/v2\/media\/44110"}],"wp:attachment":[{"href":"https:\/\/contraluzcucuta.co\/index.php?rest_route=%2Fwp%2Fv2%2Fmedia&parent=44109"}],"wp:term":[{"taxonomy":"category","embeddable":true,"href":"https:\/\/contraluzcucuta.co\/index.php?rest_route=%2Fwp%2Fv2%2Fcategories&post=44109"},{"taxonomy":"post_tag","embeddable":true,"href":"https:\/\/contraluzcucuta.co\/index.php?rest_route=%2Fwp%2Fv2%2Ftags&post=44109"}],"curies":[{"name":"wp","href":"https:\/\/api.w.org\/{rel}","templated":true}]}}