{"id":44105,"date":"2025-02-01T10:13:54","date_gmt":"2025-02-01T15:13:54","guid":{"rendered":"https:\/\/contraluzcucuta.co\/?p=44105"},"modified":"2025-02-01T10:14:08","modified_gmt":"2025-02-01T15:14:08","slug":"situacion-de-el-catatumbo-congresistas-sesionaran-en-norte-de-santander","status":"publish","type":"post","link":"https:\/\/contraluzcucuta.co\/?p=44105","title":{"rendered":"SITUACIO\u0301N DE EL CATATUMBO. Congresistas sesionar\u00e1n en Norte de Santander"},"content":{"rendered":"<p style=\"padding-left: 40px; text-align: right;\"><strong><span style=\"color: #ff9900;\">C\u00daCUTA.- Once parlamentarios llegar\u00e1n a C\u00facuta, este 3 de febrero, para analizar la situaci\u00f3n de El Catatumbo, en relaci\u00f3n con la declaratoria del Estado de Conmoci\u00f3n Interior en la regi\u00f3n. La Comisi\u00f3n Accidental estudiar\u00e1 la crisis de orden p\u00fablico, derivada de los enfrentamientos entre el ELN y las FARC.<\/span><\/strong><\/p>\n<p>Mediante la Resoluci\u00f3n 260, del 29 de enero, expedida por la Mesa Directiva del Senado de la Rep\u00fablica, se cre\u00f3 esta Comisi\u00f3n con el fin de hacerle seguimiento al Decreto 0062 del 24 de enero, en relaci\u00f3n con la declaratoria del Estado de Conmoci\u00f3n Interior en El Catatumbo, \u00c1rea Metropolitana de C\u00facuta y R\u00edo de Oro y Gonz\u00e1lez (Cesar), donde tambi\u00e9n se han vulnerado los derechos humanos de la poblaci\u00f3n civil.<\/p>\n<p>Los congresistas designados para esta labor son:<\/p>\n<ul>\n<li>Juan Carlos Garc\u00eda G\u00f3mez \u2013 Coordinador, Alejandro Carlos Chac\u00f3n, Juan Felipe Lemos Uribe, Honorio Miguel Henr\u00edquez Pinedo, Manuel Antonio Virg\u00fcez Piraquive, Edgar Jes\u00fas D\u00edaz Contreras, Jairo Alberto Castellanos Serrano, Gloria In\u00e9s Fl\u00f3rez Schneider, Juli\u00e1n Gallo Cubillos, Beatriz Lorena R\u00edos Cu\u00e9llar y Richard Humberto Fuelantala Delgado<\/li>\n<\/ul>\n<p>Desde el inicio de la emergencia, la Gobernaci\u00f3n de Norte de Santander ha liderado acciones para mitigar los efectos del conflicto armado sobre las comunidades afectadas.<\/p>\n<p>A la fecha, se han distribuido 180 toneladas de ayudas humanitarias, dirigidas principalmente a los albergues en C\u00facuta, Tib\u00fa y Oca\u00f1a, y a las familias confinadas en distintas veredas del departamento que no han podido salir de sus hogares por el impacto del conflicto.<\/p>\n<p>Las ayudas incluyen arroz, frijol, harina, arveja, caraota, aceite, pastas, productos de aseo, art\u00edculos para la preparaci\u00f3n de alimentos, kits de aseo, colchonetas, pa\u00f1ales, toallas higi\u00e9nicas, agua potable y zapatos y confecciones para las personas m\u00e1s necesitadas.<\/p>\n<p>La Unidad Nacional para las V\u00edctimas report\u00f3 que desde el Gobierno se han distribuido 523,78 toneladas de ayuda humanitaria.<\/p>\n<p>Seg\u00fan el informe 0075 del 27 de enero de 2025 del Ministerio de Defensa, los enfrentamientos entre grupos armados ilegales han generado graves consecuencias humanitarias:<\/p>\n<ul>\n<li>41 homicidios confirmados, incluidos l\u00edderes sociales y firmantes de paz.<\/li>\n<li>48,004 personas desplazadas.<\/li>\n<li>25,011 personas confinadas en los municipios de Tib\u00fa, Teorama y San Calixto.<\/li>\n<li>Flujos migratorios hacia Venezuela que han alcanzado picos de 700 personas diarias.<\/li>\n<\/ul>\n","protected":false},"excerpt":{"rendered":"<p>C\u00daCUTA.- Once parlamentarios llegar\u00e1n a C\u00facuta, este 3 de febrero, para analizar la situaci\u00f3n de El Catatumbo, en relaci\u00f3n con la declaratoria del Estado de Conmoci\u00f3n Interior en la regi\u00f3n. La Comisi\u00f3n Accidental estudiar\u00e1 la crisis de orden p\u00fablico, derivada de los enfrentamientos entre el ELN y las FARC. Mediante la Resoluci\u00f3n 260, del 29 &hellip;<\/p>\n","protected":false},"author":1,"featured_media":44106,"comment_status":"open","ping_status":"open","sticky":false,"template":"","format":"standard","meta":{"footnotes":""},"categories":[4,6],"tags":[806,246,4125],"class_list":["post-44105","post","type-post","status-publish","format-standard","has-post-thumbnail","hentry","category-barra","category-ojo-avizor","tag-congreso-de-la-republica","tag-el-catatumbo","tag-orden-publico"],"_links":{"self":[{"href":"https:\/\/contraluzcucuta.co\/index.php?rest_route=\/wp\/v2\/posts\/44105","targetHints":{"allow":["GET"]}}],"collection":[{"href":"https:\/\/contraluzcucuta.co\/index.php?rest_route=\/wp\/v2\/posts"}],"about":[{"href":"https:\/\/contraluzcucuta.co\/index.php?rest_route=\/wp\/v2\/types\/post"}],"author":[{"embeddable":true,"href":"https:\/\/contraluzcucuta.co\/index.php?rest_route=\/wp\/v2\/users\/1"}],"replies":[{"embeddable":true,"href":"https:\/\/contraluzcucuta.co\/index.php?rest_route=%2Fwp%2Fv2%2Fcomments&post=44105"}],"version-history":[{"count":2,"href":"https:\/\/contraluzcucuta.co\/index.php?rest_route=\/wp\/v2\/posts\/44105\/revisions"}],"predecessor-version":[{"id":44108,"href":"https:\/\/contraluzcucuta.co\/index.php?rest_route=\/wp\/v2\/posts\/44105\/revisions\/44108"}],"wp:featuredmedia":[{"embeddable":true,"href":"https:\/\/contraluzcucuta.co\/index.php?rest_route=\/wp\/v2\/media\/44106"}],"wp:attachment":[{"href":"https:\/\/contraluzcucuta.co\/index.php?rest_route=%2Fwp%2Fv2%2Fmedia&parent=44105"}],"wp:term":[{"taxonomy":"category","embeddable":true,"href":"https:\/\/contraluzcucuta.co\/index.php?rest_route=%2Fwp%2Fv2%2Fcategories&post=44105"},{"taxonomy":"post_tag","embeddable":true,"href":"https:\/\/contraluzcucuta.co\/index.php?rest_route=%2Fwp%2Fv2%2Ftags&post=44105"}],"curies":[{"name":"wp","href":"https:\/\/api.w.org\/{rel}","templated":true}]}}