{"id":44086,"date":"2025-01-26T12:02:31","date_gmt":"2025-01-26T17:02:31","guid":{"rendered":"https:\/\/contraluzcucuta.co\/?p=44086"},"modified":"2025-01-26T12:02:31","modified_gmt":"2025-01-26T17:02:31","slug":"charlas-con-padre-garcia-herreros-un-minuto-con-cucuta","status":"publish","type":"post","link":"https:\/\/contraluzcucuta.co\/?p=44086","title":{"rendered":"CHARLAS CON\u2026 Padre Garc\u00eda-Herreros, un Minuto con C\u00facuta"},"content":{"rendered":"<p><strong><span style=\"color: #ff9900;\">Rafael Garc\u00eda-Herreros Unda naci\u00f3, el 17 de enero de 1909. A los 25 a\u00f1os se orden\u00f3 como sacerdote y ofici\u00f3 la primera misa en la Iglesia de Nuestra Se\u00f1ora de las Angustias, en Bogot\u00e1. Las siguientes dos d\u00e9cadas las dedic\u00f3 a la formaci\u00f3n de seminaristas en diferentes centros del pa\u00eds. Esta actividad la combin\u00f3 con un viaje de perfeccionamiento en filosof\u00eda por Europa entre 1950 y 1951. Todas las noches, durante 37 a\u00f1os, convoc\u00f3 a los colombianos, a las 7:00 de la noche por la pantalla chica, para tener un Minuto con Dios.<\/span><\/strong><\/p>\n<p><strong>Padre, \u00bfd\u00f3nde naci\u00f3 usted?<\/strong><\/p>\n<ul>\n<li><em>Nac\u00ed en un hogar cucute\u00f1o, de una de las familias m\u00e1s antiguas de la ciudad. Me crie all\u00ed en la escuelita de la hermana Rosal\u00eda. Jugu\u00e9 con todos mis coterr\u00e1neos en la plaza de Mercedes Abrego, da\u00f1ando los jardines y bajando cocos.<\/em><\/li>\n<\/ul>\n<p><strong>\u00bfAlg\u00fan recuerdo grato de esa ni\u00f1ez?<\/strong><\/p>\n<ul>\n<li><em>O\u00ed desde ni\u00f1o a don El\u00edas Soto tocando en mi propia casa, las \u00b4Brisas del Pamplonita\u00b4. Me ense\u00f1aba in\u00fatilmente m\u00fasica en compa\u00f1\u00eda de mi hermana Matilde. Escuch\u00e9 los versos de Pacho Morales y los poemas de Teodoro Guti\u00e9rrez Calder\u00f3n los aprend\u00ed de memoria.<\/em><\/li>\n<\/ul>\n<p><strong>\u00bfQu\u00e9 le\u00eda en esa \u00e9poca?<\/strong><\/p>\n<ul>\n<li><em>Me aprend\u00ed de memoria \u00b4La bandera colombiana\u00b4. O\u00ed los sermones encendidos, como los de Savonarola, del padre Demetrio Mendoza y del padre Jord\u00e1n. Le\u00ed muchas veces cuando ni\u00f1o las cartas del general Santander a mi abuelo don Manuel. Las tengo en mi casa. <\/em><\/li>\n<\/ul>\n<p><strong>\u00bfQu\u00e9 lo distra\u00eda?<\/strong><\/p>\n<ul>\n<li><em>Me qued\u00e9 extasiado mirando las palmeras del parque Santander y su estatua de bronce. \u00c9l era mi pariente.<\/em><\/li>\n<\/ul>\n<p><strong>\u00bfY de travesuras c\u00f3mo estamos?<\/strong><\/p>\n<ul>\n<li><em>Sub\u00ed a echar cometas en La Piedra del Galembo. Me ba\u00f1\u00e9 mil veces en los pozos del r\u00edo Pamplonita. Me agarr\u00e9 a pu\u00f1o cuando ni\u00f1o con Virgilio Barco. Vi pintar muchas veces al genial pintor cucute\u00f1o Salvador Moreno. Recorr\u00ed todas las calles de mi ciudad en un peque\u00f1o caballo que mi padre me hab\u00eda obsequiado. Estuve mirando las excavaciones de los pozos de petr\u00f3leo de mi tierra. Compr\u00e9 dulces de contrabando de Venezuela.<\/em><\/li>\n<\/ul>\n<p><strong>\u00bfDe la historia cucute\u00f1a qu\u00e9 aprendi\u00f3?<\/strong><\/p>\n<ul>\n<li><em>O\u00ed muchas veces el relato del Terremoto de C\u00facuta donde murieron muchos de mis antepasados. Me cont\u00f3 mi madre muchas veces todos los detalles del sitio de C\u00facuta. Ella me relat\u00f3 lo que dijo mi abuela frente a la estatua de Santander cuando la ciudad estaba sitiada: \u00b4Pariente, he ah\u00ed tu obra\u00b4.<\/em><\/li>\n<\/ul>\n<p><strong>\u00bfUsted fue un ni\u00f1o normal, de barrio?<\/strong><\/p>\n<ul>\n<li><em>Me ba\u00f1\u00e9 muchas veces en la toma sucia que pasaba por el solar de mi casa y colindaba con los Hern\u00e1ndez. Com\u00ed los pasteles de Pacho, los arrequives de do\u00f1a Corina y pezu\u00f1as de cerdo de La Turra Petra.<\/em><\/li>\n<\/ul>\n<p><strong>\u00bfC\u00f3mo le iba en el estudio? <\/strong><\/p>\n<ul>\n<li><em>Aprend\u00ed a leer en la Historia de C\u00facuta, de don Luis Febres Cordero, mi pariente. Me dio f\u00e9rula en mis manos infantiles, don Luis Salas Peralta, en la clase de aritm\u00e9tica.<\/em><\/li>\n<\/ul>\n<p><strong>Imagino que era un ni\u00f1o saludable\u2026<\/strong><\/p>\n<ul>\n<li><em>Estuve muchas veces enfermo de disenter\u00eda, cuando ni\u00f1o, por comer almendrones que ca\u00edan de los \u00e1rboles. Me cuid\u00f3 el inmortal m\u00e9dico de la ciudad, don Erasmo Meoz. <\/em><\/li>\n<\/ul>\n<p><strong>\u00bfDe las matronas de la \u00e9poca a qui\u00e9nes recuerda? <\/strong><\/p>\n<ul>\n<li><em>Vi a do\u00f1a Amelia Meoz construyendo hospitales y asilos para pobres. Vi a do\u00f1a Teresa Andressen haciendo colegios y asilos para ni\u00f1os. Es decir que yo soy entra\u00f1ablemente cucute\u00f1o.<\/em><\/li>\n<\/ul>\n<p><strong>\u00bfEst\u00e1 agradecido con C\u00facuta?<\/strong><\/p>\n<ul>\n<li><em>Quiero saludar a esa ciudad y agradecerle su aire, su agua, su ambiente, sus estrellas, sus modales, su franqueza, su lenguaje, su visi\u00f3n bell\u00edsima de la patria y del cerro Tasajero, lleno de petr\u00f3leo y su contemplaci\u00f3n todas las noches del Faro del Catatumbo.<\/em><\/li>\n<\/ul>\n<p><strong>\u00bfPor qu\u00e9 le rendir\u00eda tributo a C\u00facuta?<\/strong><\/p>\n<ul>\n<li><em>Quiero tributarle un homenaje a mi ciudad natal que se ha levantado sola, casi nunca ha sido ayudada seriamente por el gobierno central, aunque ella ha aportado las leyes de la patria con el general Santander y ha aportado una magn\u00edfica colaboraci\u00f3n con sus hijos mejores.<\/em><\/li>\n<\/ul>\n<p><strong>\u00bfC\u00f3mo describir\u00eda a su ciudad natal?<\/strong><\/p>\n<ul>\n<li><em>Sepa el pa\u00eds que C\u00facuta la silenciosa, la ciudad que es un bosque de \u00e1rboles, la ciudad que le dio las leyes con Santander, es una ciudad de grandes valores, de una historia llena de poes\u00eda, de generosidad y de progreso.<\/em><\/li>\n<\/ul>\n<p><strong>(Entrevista imaginaria a partir de la emisi\u00f3n de El Minuto de Dios, 17 de junio de 1983)<\/strong><\/p>\n<p>RAFAEL ANTONIO PAB\u00d3N<\/p>\n","protected":false},"excerpt":{"rendered":"<p>Rafael Garc\u00eda-Herreros Unda naci\u00f3, el 17 de enero de 1909. A los 25 a\u00f1os se orden\u00f3 como sacerdote y ofici\u00f3 la primera misa en la Iglesia de Nuestra Se\u00f1ora de las Angustias, en Bogot\u00e1. Las siguientes dos d\u00e9cadas las dedic\u00f3 a la formaci\u00f3n de seminaristas en diferentes centros del pa\u00eds. Esta actividad la combin\u00f3 con &hellip;<\/p>\n","protected":false},"author":1,"featured_media":44087,"comment_status":"open","ping_status":"open","sticky":false,"template":"","format":"standard","meta":{"footnotes":""},"categories":[45,4],"tags":[1681,1167],"class_list":["post-44086","post","type-post","status-publish","format-standard","has-post-thumbnail","hentry","category-destacado","category-barra","tag-charlas-con-2","tag-padre-rafael-garcia-herreros"],"_links":{"self":[{"href":"https:\/\/contraluzcucuta.co\/index.php?rest_route=\/wp\/v2\/posts\/44086","targetHints":{"allow":["GET"]}}],"collection":[{"href":"https:\/\/contraluzcucuta.co\/index.php?rest_route=\/wp\/v2\/posts"}],"about":[{"href":"https:\/\/contraluzcucuta.co\/index.php?rest_route=\/wp\/v2\/types\/post"}],"author":[{"embeddable":true,"href":"https:\/\/contraluzcucuta.co\/index.php?rest_route=\/wp\/v2\/users\/1"}],"replies":[{"embeddable":true,"href":"https:\/\/contraluzcucuta.co\/index.php?rest_route=%2Fwp%2Fv2%2Fcomments&post=44086"}],"version-history":[{"count":1,"href":"https:\/\/contraluzcucuta.co\/index.php?rest_route=\/wp\/v2\/posts\/44086\/revisions"}],"predecessor-version":[{"id":44088,"href":"https:\/\/contraluzcucuta.co\/index.php?rest_route=\/wp\/v2\/posts\/44086\/revisions\/44088"}],"wp:featuredmedia":[{"embeddable":true,"href":"https:\/\/contraluzcucuta.co\/index.php?rest_route=\/wp\/v2\/media\/44087"}],"wp:attachment":[{"href":"https:\/\/contraluzcucuta.co\/index.php?rest_route=%2Fwp%2Fv2%2Fmedia&parent=44086"}],"wp:term":[{"taxonomy":"category","embeddable":true,"href":"https:\/\/contraluzcucuta.co\/index.php?rest_route=%2Fwp%2Fv2%2Fcategories&post=44086"},{"taxonomy":"post_tag","embeddable":true,"href":"https:\/\/contraluzcucuta.co\/index.php?rest_route=%2Fwp%2Fv2%2Ftags&post=44086"}],"curies":[{"name":"wp","href":"https:\/\/api.w.org\/{rel}","templated":true}]}}