{"id":44068,"date":"2025-01-26T09:25:47","date_gmt":"2025-01-26T14:25:47","guid":{"rendered":"https:\/\/contraluzcucuta.co\/?p=44068"},"modified":"2025-01-26T09:31:02","modified_gmt":"2025-01-26T14:31:02","slug":"el-catatumbo-regreso-gradual-y-progresivo-a-las-aulas","status":"publish","type":"post","link":"https:\/\/contraluzcucuta.co\/?p=44068","title":{"rendered":"EL CATATUMBO. Regreso gradual y progresivo a las aulas"},"content":{"rendered":"<p style=\"padding-left: 40px; text-align: right;\"><strong><span style=\"color: #ff9900;\">C\u00daCUTA.- Los estudiantes de El Catatumbo volver\u00e1n a clases de manera gradual y progresiva, a partir de este 27 de enero. La Secretar\u00eda de Educaci\u00f3n Departamental dirigi\u00f3 a rectores, directores, Consejos Directivos de los establecimientos educativos y alcaldes de \u00c1brego, Convenci\u00f3n, El Carmen, El Tarra, Hacar\u00ed, La Playa, San Calixto, Sardinata, Teorama y Tib\u00fa la Circular 15 en la que se prev\u00e9 que el regreso a las aulas sea con horarios y metodolog\u00edas flexibles.<\/span><\/strong><\/p>\n<p>En los municipios donde se encuentren desplazados en alojamiento temporal se prestar\u00e1 el servicio de manera presencial y conforme a las orientaciones que se emitir\u00e1n desde la Secretar\u00eda. Se promover\u00e1n espacios de aprendizaje para ni\u00f1os, adolescentes y j\u00f3venes mediante de la estrategia Aulas Temporales en Emergencia.<\/p>\n<p>En los establecimientos educativos o sedes que no cuenten con las garant\u00edas para prestar el servicio presencial, la comunidad educativa generar\u00e1 estrategias flexibles de aprendizaje para que se adopten las modalidades a distancia, remota o hibrida.<\/p>\n<p>La Secretar\u00eda de Educaci\u00f3n adelant\u00f3 jornadas de inscripci\u00f3n para garantizar en las sedes que se habilitar\u00e1n desde C\u00facuta el derecho a la educaci\u00f3n a los ni\u00f1os que llegaron a la capital provenientes de los municipios de El Catatumbo. En Oca\u00f1a y Tib\u00fa, funcionarios de la Secretar\u00eda visitar\u00e1n los albergues para hacer el registro y brindarles la formaci\u00f3n en sedes transitorias.<\/p>\n","protected":false},"excerpt":{"rendered":"<p>C\u00daCUTA.- Los estudiantes de El Catatumbo volver\u00e1n a clases de manera gradual y progresiva, a partir de este 27 de enero. La Secretar\u00eda de Educaci\u00f3n Departamental dirigi\u00f3 a rectores, directores, Consejos Directivos de los establecimientos educativos y alcaldes de \u00c1brego, Convenci\u00f3n, El Carmen, El Tarra, Hacar\u00ed, La Playa, San Calixto, Sardinata, Teorama y Tib\u00fa la &hellip;<\/p>\n","protected":false},"author":1,"featured_media":44070,"comment_status":"open","ping_status":"open","sticky":false,"template":"","format":"standard","meta":{"footnotes":""},"categories":[4,36],"tags":[246,6178,6858],"class_list":["post-44068","post","type-post","status-publish","format-standard","has-post-thumbnail","hentry","category-barra","category-la-voz-del-pueblo","tag-el-catatumbo","tag-regreso-a-clases","tag-secretaria-de-educacion-departamental"],"_links":{"self":[{"href":"https:\/\/contraluzcucuta.co\/index.php?rest_route=\/wp\/v2\/posts\/44068","targetHints":{"allow":["GET"]}}],"collection":[{"href":"https:\/\/contraluzcucuta.co\/index.php?rest_route=\/wp\/v2\/posts"}],"about":[{"href":"https:\/\/contraluzcucuta.co\/index.php?rest_route=\/wp\/v2\/types\/post"}],"author":[{"embeddable":true,"href":"https:\/\/contraluzcucuta.co\/index.php?rest_route=\/wp\/v2\/users\/1"}],"replies":[{"embeddable":true,"href":"https:\/\/contraluzcucuta.co\/index.php?rest_route=%2Fwp%2Fv2%2Fcomments&post=44068"}],"version-history":[{"count":1,"href":"https:\/\/contraluzcucuta.co\/index.php?rest_route=\/wp\/v2\/posts\/44068\/revisions"}],"predecessor-version":[{"id":44069,"href":"https:\/\/contraluzcucuta.co\/index.php?rest_route=\/wp\/v2\/posts\/44068\/revisions\/44069"}],"wp:featuredmedia":[{"embeddable":true,"href":"https:\/\/contraluzcucuta.co\/index.php?rest_route=\/wp\/v2\/media\/44070"}],"wp:attachment":[{"href":"https:\/\/contraluzcucuta.co\/index.php?rest_route=%2Fwp%2Fv2%2Fmedia&parent=44068"}],"wp:term":[{"taxonomy":"category","embeddable":true,"href":"https:\/\/contraluzcucuta.co\/index.php?rest_route=%2Fwp%2Fv2%2Fcategories&post=44068"},{"taxonomy":"post_tag","embeddable":true,"href":"https:\/\/contraluzcucuta.co\/index.php?rest_route=%2Fwp%2Fv2%2Ftags&post=44068"}],"curies":[{"name":"wp","href":"https:\/\/api.w.org\/{rel}","templated":true}]}}