{"id":44063,"date":"2025-01-22T15:04:51","date_gmt":"2025-01-22T20:04:51","guid":{"rendered":"https:\/\/contraluzcucuta.co\/?p=44063"},"modified":"2025-01-22T15:04:51","modified_gmt":"2025-01-22T20:04:51","slug":"emergencia-en-cifras-impactos-de-la-crisis-en-la-region","status":"publish","type":"post","link":"https:\/\/contraluzcucuta.co\/?p=44063","title":{"rendered":"EMERGENCIA EN CIFRAS. Impactos de la crisis en la regi\u00f3n"},"content":{"rendered":"<figure id=\"attachment_44065\" aria-describedby=\"caption-attachment-44065\" style=\"width: 255px\" class=\"wp-caption alignleft\"><a href=\"https:\/\/contraluzcucuta.co\/wp-content\/uploads\/2025\/01\/DESPLAZADOS-OCANA-1.jpeg\"><img loading=\"lazy\" decoding=\"async\" class=\" wp-image-44065\" src=\"https:\/\/contraluzcucuta.co\/wp-content\/uploads\/2025\/01\/DESPLAZADOS-OCANA-1-300x133.jpeg\" alt=\"\" width=\"255\" height=\"113\" srcset=\"https:\/\/contraluzcucuta.co\/wp-content\/uploads\/2025\/01\/DESPLAZADOS-OCANA-1-300x133.jpeg 300w, https:\/\/contraluzcucuta.co\/wp-content\/uploads\/2025\/01\/DESPLAZADOS-OCANA-1-600x265.jpeg 600w, https:\/\/contraluzcucuta.co\/wp-content\/uploads\/2025\/01\/DESPLAZADOS-OCANA-1-1024x453.jpeg 1024w, https:\/\/contraluzcucuta.co\/wp-content\/uploads\/2025\/01\/DESPLAZADOS-OCANA-1-768x339.jpeg 768w, https:\/\/contraluzcucuta.co\/wp-content\/uploads\/2025\/01\/DESPLAZADOS-OCANA-1.jpeg 1258w\" sizes=\"auto, (max-width: 255px) 100vw, 255px\" \/><\/a><figcaption id=\"caption-attachment-44065\" class=\"wp-caption-text\">Foto: Zona Cero<\/figcaption><\/figure>\n<p><strong><span style=\"color: #ff9900;\">OCA\u00d1A.- El gobernador de Norte de Santander, William Villamizar, lider\u00f3 la jornada de entrega de ayudas humanitarias, en el coliseo Argelino Dur\u00e1n Quintero, de Oca\u00f1a. Cerca de 35 toneladas fueron distribuidas en este municipio y Tib\u00fa.<\/span><\/strong><\/p>\n<p>Seg\u00fan la Secretar\u00eda de V\u00edctimas, las cifras actualizadas reflejan la magnitud de la emergencia:<\/p>\n<ul>\n<li>\u200bTeorama: 18 fallecidos, 2 heridos y 1500 en riesgo de confinamiento. Adem\u00e1s, se report\u00f3 el asesinato del firmante de paz Pedro Nel Angarita.<\/li>\n<li>\u200bTib\u00fa: 17 fallecidos, 2284 desplazados, 1660 albergados en 7 refugios temporales y 65 retenidos.<\/li>\n<li>\u200b El Tarra: 635 albergados, 100 docentes desplazados y 27 refugiados en una base militar.<\/li>\n<li>\u200bSan Calixto: 471 confinados en escuelas veredales y 29 en riesgo inminente, incluidos reincorporados y sus familias.<\/li>\n<li>\u200bConvenci\u00f3n: Dos firmantes de paz y sus familias requieren evacuaci\u00f3n a\u00e9rea inmediata.<\/li>\n<li>\u200bOca\u00f1a: 2500 desplazados de 827 n\u00facleos familiares, con 230 familias que necesitan albergue inmediato.<\/li>\n<\/ul>\n<figure id=\"attachment_44066\" aria-describedby=\"caption-attachment-44066\" style=\"width: 248px\" class=\"wp-caption alignright\"><a href=\"https:\/\/contraluzcucuta.co\/wp-content\/uploads\/2025\/01\/DESPLAZADOS-OCANA-3.jpeg\"><img loading=\"lazy\" decoding=\"async\" class=\" wp-image-44066\" src=\"https:\/\/contraluzcucuta.co\/wp-content\/uploads\/2025\/01\/DESPLAZADOS-OCANA-3-300x198.jpeg\" alt=\"\" width=\"248\" height=\"164\" srcset=\"https:\/\/contraluzcucuta.co\/wp-content\/uploads\/2025\/01\/DESPLAZADOS-OCANA-3-300x198.jpeg 300w, https:\/\/contraluzcucuta.co\/wp-content\/uploads\/2025\/01\/DESPLAZADOS-OCANA-3-600x397.jpeg 600w, https:\/\/contraluzcucuta.co\/wp-content\/uploads\/2025\/01\/DESPLAZADOS-OCANA-3-310x205.jpeg 310w, https:\/\/contraluzcucuta.co\/wp-content\/uploads\/2025\/01\/DESPLAZADOS-OCANA-3.jpeg 640w\" sizes=\"auto, (max-width: 248px) 100vw, 248px\" \/><\/a><figcaption id=\"caption-attachment-44066\" class=\"wp-caption-text\"><em>Foto: Yahoo Noticias<\/em><\/figcaption><\/figure>\n<p>De acuerdo con los informes de la administraci\u00f3n departamental, se identificaron las siguientes necesidades urgentes:<\/p>\n<ul>\n<li>4980 raciones alimentarias diarias.<\/li>\n<li>Elementos de aseo y bienestar b\u00e1sico.<\/li>\n<li>Suministro de agua potable para 1660 personas.<\/li>\n<li>Servicios de salud y condiciones dignas de alojamiento temporal.<\/li>\n<\/ul>\n<p>La regi\u00f3n enfrenta la suspensi\u00f3n de servicios esenciales, transporte p\u00fablico y actividades econ\u00f3micas clave, como las operaciones de Ecopetrol.<\/p>\n<p>En el Puesto de Mando Unificado, el gobernador William Villamizar y las fuerzas militares eval\u00faan estrategias conjuntas para garantizar la protecci\u00f3n de la poblaci\u00f3n civil y atender las necesidades. Las medidas buscan aliviar el impacto de la crisis en El Catatumbo mientras se desarrollan soluciones sostenibles a largo plazo para la regi\u00f3n.<\/p>\n","protected":false},"excerpt":{"rendered":"<p>OCA\u00d1A.- El gobernador de Norte de Santander, William Villamizar, lider\u00f3 la jornada de entrega de ayudas humanitarias, en el coliseo Argelino Dur\u00e1n Quintero, de Oca\u00f1a. Cerca de 35 toneladas fueron distribuidas en este municipio y Tib\u00fa. Seg\u00fan la Secretar\u00eda de V\u00edctimas, las cifras actualizadas reflejan la magnitud de la emergencia: \u200bTeorama: 18 fallecidos, 2 heridos &hellip;<\/p>\n","protected":false},"author":1,"featured_media":44064,"comment_status":"open","ping_status":"open","sticky":false,"template":"","format":"standard","meta":{"footnotes":""},"categories":[4,36],"tags":[246,379,2800],"class_list":["post-44063","post","type-post","status-publish","format-standard","has-post-thumbnail","hentry","category-barra","category-la-voz-del-pueblo","tag-el-catatumbo","tag-gobernacion-de-norte-de-santander","tag-gobernador-william-villamizar"],"_links":{"self":[{"href":"https:\/\/contraluzcucuta.co\/index.php?rest_route=\/wp\/v2\/posts\/44063","targetHints":{"allow":["GET"]}}],"collection":[{"href":"https:\/\/contraluzcucuta.co\/index.php?rest_route=\/wp\/v2\/posts"}],"about":[{"href":"https:\/\/contraluzcucuta.co\/index.php?rest_route=\/wp\/v2\/types\/post"}],"author":[{"embeddable":true,"href":"https:\/\/contraluzcucuta.co\/index.php?rest_route=\/wp\/v2\/users\/1"}],"replies":[{"embeddable":true,"href":"https:\/\/contraluzcucuta.co\/index.php?rest_route=%2Fwp%2Fv2%2Fcomments&post=44063"}],"version-history":[{"count":1,"href":"https:\/\/contraluzcucuta.co\/index.php?rest_route=\/wp\/v2\/posts\/44063\/revisions"}],"predecessor-version":[{"id":44067,"href":"https:\/\/contraluzcucuta.co\/index.php?rest_route=\/wp\/v2\/posts\/44063\/revisions\/44067"}],"wp:featuredmedia":[{"embeddable":true,"href":"https:\/\/contraluzcucuta.co\/index.php?rest_route=\/wp\/v2\/media\/44064"}],"wp:attachment":[{"href":"https:\/\/contraluzcucuta.co\/index.php?rest_route=%2Fwp%2Fv2%2Fmedia&parent=44063"}],"wp:term":[{"taxonomy":"category","embeddable":true,"href":"https:\/\/contraluzcucuta.co\/index.php?rest_route=%2Fwp%2Fv2%2Fcategories&post=44063"},{"taxonomy":"post_tag","embeddable":true,"href":"https:\/\/contraluzcucuta.co\/index.php?rest_route=%2Fwp%2Fv2%2Ftags&post=44063"}],"curies":[{"name":"wp","href":"https:\/\/api.w.org\/{rel}","templated":true}]}}