{"id":44053,"date":"2025-01-22T13:54:50","date_gmt":"2025-01-22T18:54:50","guid":{"rendered":"https:\/\/contraluzcucuta.co\/?p=44053"},"modified":"2025-01-22T13:54:50","modified_gmt":"2025-01-22T18:54:50","slug":"universidad-del-catatumbo-beneficiados-mas-de-1500-estudiantes","status":"publish","type":"post","link":"https:\/\/contraluzcucuta.co\/?p=44053","title":{"rendered":"UNIVERSIDAD DEL CATATUMBO. Beneficiados m\u00e1s de 1500 estudiantes"},"content":{"rendered":"<p style=\"padding-left: 40px; text-align: right;\"><strong><span style=\"color: #ff9900;\">BOGOT\u00c1.- El Complejo Social y de Educaci\u00f3n Superior del Catatumbo (Universidad de El Catatumbo), que estar\u00e1 ubicado en El Tarra, recibi\u00f3 otro espaldarazo en Bogot\u00e1 al firmarse, el 20 de enero, el acta para dar inicio a las obras de la primera etapa. El anuncio lo hizo el director de la Agencia de Renovaci\u00f3n del Territorio (ART), Ra\u00fal Delgado.<\/span><\/strong><\/p>\n<figure id=\"attachment_44055\" aria-describedby=\"caption-attachment-44055\" style=\"width: 249px\" class=\"wp-caption alignleft\"><a href=\"https:\/\/contraluzcucuta.co\/wp-content\/uploads\/2025\/01\/UNIVERSIDAD-DEL-CATATUMBO-2.jpg\"><img loading=\"lazy\" decoding=\"async\" class=\" wp-image-44055\" src=\"https:\/\/contraluzcucuta.co\/wp-content\/uploads\/2025\/01\/UNIVERSIDAD-DEL-CATATUMBO-2-300x169.jpg\" alt=\"\" width=\"249\" height=\"140\" srcset=\"https:\/\/contraluzcucuta.co\/wp-content\/uploads\/2025\/01\/UNIVERSIDAD-DEL-CATATUMBO-2-300x169.jpg 300w, https:\/\/contraluzcucuta.co\/wp-content\/uploads\/2025\/01\/UNIVERSIDAD-DEL-CATATUMBO-2-600x338.jpg 600w, https:\/\/contraluzcucuta.co\/wp-content\/uploads\/2025\/01\/UNIVERSIDAD-DEL-CATATUMBO-2.jpg 768w\" sizes=\"auto, (max-width: 249px) 100vw, 249px\" \/><\/a><figcaption id=\"caption-attachment-44055\" class=\"wp-caption-text\"><em>Foto: ATN Televisi\u00f3n<\/em><\/figcaption><\/figure>\n<p>La socializaci\u00f3n del avance de la iniciativa, que contar\u00e1 con una inversi\u00f3n que supera los $ 30.000 millones, tambi\u00e9n se cumpli\u00f3 para permitir que el proyecto de convierta en realidad en poco tiempo.<\/p>\n<p>La verdad de la Universidad en El Catatumbo es la siguiente.<\/p>\n<ul>\n<li>16 de enero. En Oca\u00f1a se llev\u00f3 a cabo la reuni\u00f3n para la socializaci\u00f3n del avance del proyecto. Participaron autoridades territoriales y \u00e9tnicas, comunidad educativa y organizaciones sociales de la regi\u00f3n.<\/li>\n<li>20 de enero. Firma del acta de inicio de la etapa constructiva de la primera fase del complejo social.<\/li>\n<\/ul>\n<p>La iniciativa educativa surgi\u00f3 a partir de la visita del presidente Gustavo Petro a El Catatumbo, en diciembre de 2022. El objetivo es contribuir a la implementaci\u00f3n del Acuerdo de Paz y fortalecer el tejido social en los municipios de la zona.<\/p>\n<figure id=\"attachment_44056\" aria-describedby=\"caption-attachment-44056\" style=\"width: 248px\" class=\"wp-caption alignright\"><a href=\"https:\/\/contraluzcucuta.co\/wp-content\/uploads\/2025\/01\/UNIVERSIDAD-DEL-CATATUMBO-3.jpg\"><img loading=\"lazy\" decoding=\"async\" class=\" wp-image-44056\" src=\"https:\/\/contraluzcucuta.co\/wp-content\/uploads\/2025\/01\/UNIVERSIDAD-DEL-CATATUMBO-3-300x200.jpg\" alt=\"\" width=\"248\" height=\"165\" srcset=\"https:\/\/contraluzcucuta.co\/wp-content\/uploads\/2025\/01\/UNIVERSIDAD-DEL-CATATUMBO-3-300x200.jpg 300w, https:\/\/contraluzcucuta.co\/wp-content\/uploads\/2025\/01\/UNIVERSIDAD-DEL-CATATUMBO-3-600x400.jpg 600w, https:\/\/contraluzcucuta.co\/wp-content\/uploads\/2025\/01\/UNIVERSIDAD-DEL-CATATUMBO-3-310x205.jpg 310w, https:\/\/contraluzcucuta.co\/wp-content\/uploads\/2025\/01\/UNIVERSIDAD-DEL-CATATUMBO-3.jpg 750w\" sizes=\"auto, (max-width: 248px) 100vw, 248px\" \/><\/a><figcaption id=\"caption-attachment-44056\" class=\"wp-caption-text\"><em>Foto: areacucuta.com<\/em><\/figcaption><\/figure>\n<p>Delgado explic\u00f3 que el inicio de las obras fue posible despu\u00e9s de llevar a cabo varias acciones clave:<\/p>\n<ul>\n<li>Adopci\u00f3n del plan parcial que permiti\u00f3 habilitar el terreno rural para uso institucional.<\/li>\n<li>Elaboraci\u00f3n del estudio de pertinencia por parte de la Universidad Francisco de Paula Santander, seccional Oca\u00f1a.<\/li>\n<li>Adquisici\u00f3n del lote mediante convocatoria p\u00fablica y adjudicaci\u00f3n por parte del Fondo Colombia en Paz, encargado de la contrataci\u00f3n del dise\u00f1o, construcci\u00f3n e interventor\u00eda del proyecto.<\/li>\n<li>Aprobaci\u00f3n de las licencias de urbanismo y construcci\u00f3n.<\/li>\n<\/ul>\n<p>El proyecto incluye la construcci\u00f3n del centro de desarrollo infantil y del centro de cuidado para adultos mayores, a cargo del Fondo de Programas Especiales para la Paz (Fondo Paz) de la Presidencia de la Rep\u00fablica.<\/p>\n<p>Las obras de la Universidad del Catatumbo recibir\u00e1n a 1500 estudiantes de la regi\u00f3n, consolid\u00e1ndose como pilar fundamental para avanzar hacia la Paz Total. Beneficiar\u00e1 a j\u00f3venes de Convenci\u00f3n, El Tarra, El Carmen, Hacar\u00ed, San Calixto, Sardinata, Teorama y Tib\u00fa.<\/p>\n<p>El proyecto hace parte de los Programas de Desarrollo con Enfoque Territorial (PDET), cuyo prop\u00f3sito es transformar los territorios afectados por el conflicto armado, la presencia de cultivos il\u00edcitos (coca, marihuana y amapola), la ausencia institucional y los altos niveles de pobreza, en espacios de vida y paz.<\/p>\n","protected":false},"excerpt":{"rendered":"<p>BOGOT\u00c1.- El Complejo Social y de Educaci\u00f3n Superior del Catatumbo (Universidad de El Catatumbo), que estar\u00e1 ubicado en El Tarra, recibi\u00f3 otro espaldarazo en Bogot\u00e1 al firmarse, el 20 de enero, el acta para dar inicio a las obras de la primera etapa. El anuncio lo hizo el director de la Agencia de Renovaci\u00f3n del &hellip;<\/p>\n","protected":false},"author":1,"featured_media":44054,"comment_status":"open","ping_status":"open","sticky":false,"template":"","format":"standard","meta":{"footnotes":""},"categories":[74,4,32],"tags":[4605,6136,6137,6477],"class_list":["post-44053","post","type-post","status-publish","format-standard","has-post-thumbnail","hentry","category-aula-universitaria","category-barra","category-recorrido-por-la-region","tag-agencia-de-renovacion-del-territorio","tag-fondo-colombia-en-paz","tag-pdet-del-catatumbo","tag-universidad-del-catatumbo"],"_links":{"self":[{"href":"https:\/\/contraluzcucuta.co\/index.php?rest_route=\/wp\/v2\/posts\/44053","targetHints":{"allow":["GET"]}}],"collection":[{"href":"https:\/\/contraluzcucuta.co\/index.php?rest_route=\/wp\/v2\/posts"}],"about":[{"href":"https:\/\/contraluzcucuta.co\/index.php?rest_route=\/wp\/v2\/types\/post"}],"author":[{"embeddable":true,"href":"https:\/\/contraluzcucuta.co\/index.php?rest_route=\/wp\/v2\/users\/1"}],"replies":[{"embeddable":true,"href":"https:\/\/contraluzcucuta.co\/index.php?rest_route=%2Fwp%2Fv2%2Fcomments&post=44053"}],"version-history":[{"count":1,"href":"https:\/\/contraluzcucuta.co\/index.php?rest_route=\/wp\/v2\/posts\/44053\/revisions"}],"predecessor-version":[{"id":44057,"href":"https:\/\/contraluzcucuta.co\/index.php?rest_route=\/wp\/v2\/posts\/44053\/revisions\/44057"}],"wp:featuredmedia":[{"embeddable":true,"href":"https:\/\/contraluzcucuta.co\/index.php?rest_route=\/wp\/v2\/media\/44054"}],"wp:attachment":[{"href":"https:\/\/contraluzcucuta.co\/index.php?rest_route=%2Fwp%2Fv2%2Fmedia&parent=44053"}],"wp:term":[{"taxonomy":"category","embeddable":true,"href":"https:\/\/contraluzcucuta.co\/index.php?rest_route=%2Fwp%2Fv2%2Fcategories&post=44053"},{"taxonomy":"post_tag","embeddable":true,"href":"https:\/\/contraluzcucuta.co\/index.php?rest_route=%2Fwp%2Fv2%2Ftags&post=44053"}],"curies":[{"name":"wp","href":"https:\/\/api.w.org\/{rel}","templated":true}]}}