{"id":43994,"date":"2025-01-17T17:29:13","date_gmt":"2025-01-17T22:29:13","guid":{"rendered":"https:\/\/contraluzcucuta.co\/?p=43994"},"modified":"2025-01-17T17:29:13","modified_gmt":"2025-01-17T22:29:13","slug":"orden-publico-la-situacion-en-el-departamento-es-angustiosa-gobernador","status":"publish","type":"post","link":"https:\/\/contraluzcucuta.co\/?p=43994","title":{"rendered":"ORDEN P\u00daBLICO. \u201cLa situaci\u00f3n en el departamento es angustiosa\u201d, Gobernador"},"content":{"rendered":"<p style=\"padding-left: 40px; text-align: right;\"><strong><span style=\"color: #ff9900;\">C\u00daCUTA.- La situaci\u00f3n de orden p\u00fablico en Norte de Santander se ha tornado cr\u00edtica debido a enfrentamientos entre el ELN y las disidencias de las FARC en Teorama, Filogringo, Tib\u00fa y otras localidades de El Catatumbo. Las confrontaciones superan la treintena de muertos y la veintena de heridos; han provocado paralizaci\u00f3n del comercio, desplazamientos masivos y deterioro de la convivencia y la tranquilidad de las comunidades urbanas rurales.<\/span><\/strong><\/p>\n<p><a href=\"https:\/\/contraluzcucuta.co\/wp-content\/uploads\/2025\/01\/GOBERNADOR-EL-CATATUMBO-1-scaled.jpg\"><img loading=\"lazy\" decoding=\"async\" class=\"alignnone  wp-image-43996 alignleft\" src=\"https:\/\/contraluzcucuta.co\/wp-content\/uploads\/2025\/01\/GOBERNADOR-EL-CATATUMBO-1-300x200.jpg\" alt=\"\" width=\"248\" height=\"165\" srcset=\"https:\/\/contraluzcucuta.co\/wp-content\/uploads\/2025\/01\/GOBERNADOR-EL-CATATUMBO-1-300x200.jpg 300w, https:\/\/contraluzcucuta.co\/wp-content\/uploads\/2025\/01\/GOBERNADOR-EL-CATATUMBO-1-scaled-600x400.jpg 600w, https:\/\/contraluzcucuta.co\/wp-content\/uploads\/2025\/01\/GOBERNADOR-EL-CATATUMBO-1-1024x683.jpg 1024w, https:\/\/contraluzcucuta.co\/wp-content\/uploads\/2025\/01\/GOBERNADOR-EL-CATATUMBO-1-768x512.jpg 768w, https:\/\/contraluzcucuta.co\/wp-content\/uploads\/2025\/01\/GOBERNADOR-EL-CATATUMBO-1-1536x1024.jpg 1536w, https:\/\/contraluzcucuta.co\/wp-content\/uploads\/2025\/01\/GOBERNADOR-EL-CATATUMBO-1-2048x1365.jpg 2048w, https:\/\/contraluzcucuta.co\/wp-content\/uploads\/2025\/01\/GOBERNADOR-EL-CATATUMBO-1-310x205.jpg 310w\" sizes=\"auto, (max-width: 248px) 100vw, 248px\" \/><\/a><\/p>\n<p>\u201cLa situaci\u00f3n en el departamento es angustiosa. Muchas familias est\u00e1n en riesgo de perder la vida\u201d, dijo el gobernador William Villamizar. El territorio que comprende El Catatumbo es la mitad del departamento y tiene 52.000 hect\u00e1reas plantadas de hoja de coca. Tiene presencia del Eln y las Farc, grupos que han estado por muchos a\u00f1os en esa zona.<\/p>\n<p>Desde C\u00facuta se hizo el llamado a organismos internacionales, Naciones Unidas, l\u00edderes comunales, alcaldes, personeros, iglesias y dem\u00e1s actores sociales para unir esfuerzos y rechazar la violencia que azota al departamento. \u201cEs una tarea que debemos hacer entre todos\u201d, dijo Villamizar Laguado.<\/p>\n<p>En procura de soluciones para el conflicto, la Gobernaci\u00f3n ha liderado acciones y actividades encaminadas a ayudar a la poblaci\u00f3n civil. Adem\u00e1s, se han hecho manifestaciones p\u00fablicas en Oca\u00f1a, Tib\u00fa y C\u00facuta y se ha solicitado la continuaci\u00f3n de los di\u00e1logos y que se evitara la confrontaci\u00f3n.<\/p>\n<p>\u201cNo se ha logrado esta salida por parte del Gobierno y hoy enfrentamos un problema grave, porque contin\u00faan las muertes\u201d, afirm\u00f3 William Villamizar. Las solicitudes puntuales para preservar la vida y ayudar a la gente que necesita apoyo, son:<\/p>\n<ul>\n<li>Habilitar caminos humanitarios<\/li>\n<li>Dar la posibilidad de tener recursos para albergues y alimentaci\u00f3n<\/li>\n<li>Tener c\u00f3mo atender a los desplazados por temor a la muerte.<\/li>\n<li>Lograr caminos por medio de la Iglesia, la Cruz Roja, las organizaciones sociales e internacionales de derechos humanos para sacar a la poblaci\u00f3n civil del conflicto.<\/li>\n<li>Tener inversiones del Pacto Catatumbo<\/li>\n<li>Avanzar en algunas tareas que ayuden a la poblaci\u00f3n civil para no dejarla sola<\/li>\n<li>Restablecer con la Polic\u00eda y la Fuerza P\u00fablica corredores humanitarios m\u00ednimos<\/li>\n<li>Protecci\u00f3n en los cascos urbanos y en las v\u00edas.<\/li>\n<\/ul>\n","protected":false},"excerpt":{"rendered":"<p>C\u00daCUTA.- La situaci\u00f3n de orden p\u00fablico en Norte de Santander se ha tornado cr\u00edtica debido a enfrentamientos entre el ELN y las disidencias de las FARC en Teorama, Filogringo, Tib\u00fa y otras localidades de El Catatumbo. Las confrontaciones superan la treintena de muertos y la veintena de heridos; han provocado paralizaci\u00f3n del comercio, desplazamientos masivos &hellip;<\/p>\n","protected":false},"author":1,"featured_media":43995,"comment_status":"open","ping_status":"open","sticky":false,"template":"","format":"standard","meta":{"footnotes":""},"categories":[45,4],"tags":[379,2800,619,4125],"class_list":["post-43994","post","type-post","status-publish","format-standard","has-post-thumbnail","hentry","category-destacado","category-barra","tag-gobernacion-de-norte-de-santander","tag-gobernador-william-villamizar","tag-norte-de-santander","tag-orden-publico"],"_links":{"self":[{"href":"https:\/\/contraluzcucuta.co\/index.php?rest_route=\/wp\/v2\/posts\/43994","targetHints":{"allow":["GET"]}}],"collection":[{"href":"https:\/\/contraluzcucuta.co\/index.php?rest_route=\/wp\/v2\/posts"}],"about":[{"href":"https:\/\/contraluzcucuta.co\/index.php?rest_route=\/wp\/v2\/types\/post"}],"author":[{"embeddable":true,"href":"https:\/\/contraluzcucuta.co\/index.php?rest_route=\/wp\/v2\/users\/1"}],"replies":[{"embeddable":true,"href":"https:\/\/contraluzcucuta.co\/index.php?rest_route=%2Fwp%2Fv2%2Fcomments&post=43994"}],"version-history":[{"count":1,"href":"https:\/\/contraluzcucuta.co\/index.php?rest_route=\/wp\/v2\/posts\/43994\/revisions"}],"predecessor-version":[{"id":43997,"href":"https:\/\/contraluzcucuta.co\/index.php?rest_route=\/wp\/v2\/posts\/43994\/revisions\/43997"}],"wp:featuredmedia":[{"embeddable":true,"href":"https:\/\/contraluzcucuta.co\/index.php?rest_route=\/wp\/v2\/media\/43995"}],"wp:attachment":[{"href":"https:\/\/contraluzcucuta.co\/index.php?rest_route=%2Fwp%2Fv2%2Fmedia&parent=43994"}],"wp:term":[{"taxonomy":"category","embeddable":true,"href":"https:\/\/contraluzcucuta.co\/index.php?rest_route=%2Fwp%2Fv2%2Fcategories&post=43994"},{"taxonomy":"post_tag","embeddable":true,"href":"https:\/\/contraluzcucuta.co\/index.php?rest_route=%2Fwp%2Fv2%2Ftags&post=43994"}],"curies":[{"name":"wp","href":"https:\/\/api.w.org\/{rel}","templated":true}]}}