{"id":43990,"date":"2025-01-17T16:53:25","date_gmt":"2025-01-17T21:53:25","guid":{"rendered":"https:\/\/contraluzcucuta.co\/?p=43990"},"modified":"2025-01-17T16:53:25","modified_gmt":"2025-01-17T21:53:25","slug":"de-regreso-a-clases-57-instituciones-educativas-publicas-tienen-cupos","status":"publish","type":"post","link":"https:\/\/contraluzcucuta.co\/?p=43990","title":{"rendered":"DE REGRESO A CLASES. 57 instituciones educativas p\u00fablicas tienen cupos"},"content":{"rendered":"<p style=\"padding-left: 40px; text-align: right;\"><strong><span style=\"color: #ff9900;\">C\u00daCUTA.- A\u00fan hay cupos disponibles para estudiantes nuevos en 57 establecimientos educativos p\u00fablicos del municipio. El anuncio lo hizo la administraci\u00f3n municipal ante la proximidad del comienzo del calendario acad\u00e9mico (20 de enero).<\/span><\/strong><\/p>\n<p><a href=\"https:\/\/contraluzcucuta.co\/wp-content\/uploads\/2025\/01\/CUPOS-ESCOLARES-2.webp\"><img loading=\"lazy\" decoding=\"async\" class=\"alignnone  wp-image-43992 alignleft\" src=\"https:\/\/contraluzcucuta.co\/wp-content\/uploads\/2025\/01\/CUPOS-ESCOLARES-2-300x225.webp\" alt=\"\" width=\"248\" height=\"186\" srcset=\"https:\/\/contraluzcucuta.co\/wp-content\/uploads\/2025\/01\/CUPOS-ESCOLARES-2-300x225.webp 300w, https:\/\/contraluzcucuta.co\/wp-content\/uploads\/2025\/01\/CUPOS-ESCOLARES-2-600x450.webp 600w, https:\/\/contraluzcucuta.co\/wp-content\/uploads\/2025\/01\/CUPOS-ESCOLARES-2-768x576.webp 768w, https:\/\/contraluzcucuta.co\/wp-content\/uploads\/2025\/01\/CUPOS-ESCOLARES-2.webp 1024w\" sizes=\"auto, (max-width: 248px) 100vw, 248px\" \/><\/a><\/p>\n<p>La Alcald\u00eda invit\u00f3 a las familias que no han inscrito a los hijos a aprovechar esta oportunidad. En C\u00facuta se han matriculado 102.000 ni\u00f1os y est\u00e1n preparados para iniciar el a\u00f1o escolar. \u201cTenemos garantizado el programa de Alimentaci\u00f3n Escolar (PAE) desde el primer d\u00eda\u201d, dijo el alcalde Jorge Acevedo.<\/p>\n<p>En el \u00e1rea urbana 49 colegios cuentan con disponibilidad y en la zona rural, 8 establecimientos aguardan por ni\u00f1os, adolescentes y j\u00f3venes que deseen comenzar o continuar con la preparaci\u00f3n escolar.<\/p>\n<p>Comuna 1<\/p>\n<ul>\n<li>Colegios Antonio Nari\u00f1o, Gonzalo Rivera Laguado, San Jos\u00e9 de C\u00facuta y nacional de Comercio.<\/li>\n<\/ul>\n<p>Comuna 2<\/p>\n<ul>\n<li>Colegios Mar\u00eda Concepci\u00f3n Loperena y Mercedes \u00c1brego<\/li>\n<\/ul>\n<p>Comuna 3<\/p>\n<ul>\n<li>Colegios Francisco Jos\u00e9 de Caldas y Misael Pastrana Borrero<\/li>\n<\/ul>\n<p>Comuna 4<\/p>\n<ul>\n<li>Colegios Carlos P\u00e9rez Escalante, Club de Leones, Municipal Sim\u00f3n Bol\u00edvar y Pablo Correa Le\u00f3n.<\/li>\n<\/ul>\n<p>Comuna 5<\/p>\n<ul>\n<li>Colegios Municipal gremios Unidos, Oriental N\u00b0 26, Instituto T\u00e9cnico Guaimaral e Inem Jos\u00e9 Eusebio caro.<\/li>\n<\/ul>\n<p>Comuna 6<\/p>\n<ul>\n<li>Colegios Camilo daza, Andr\u00e9s Bello Carlos Toledo Plata, Eustorgio Colmenares Baptista, Aeropuerto y San Jos\u00e9.<\/li>\n<\/ul>\n<p>Comuna 7<\/p>\n<ul>\n<li>Colegios Buenos Aires, Integrado Juan Atalaya, Juana Rangel de Cu\u00e9llar, Los Santos Ap\u00f3stoles, Presb\u00edtero Juan Carlos Calder\u00f3n, San Bartolom\u00e9, Cristo Obrero y Juan Pablo I<\/li>\n<\/ul>\n<p>Comuna 8<\/p>\n<ul>\n<li>Colegios Claudia Mar\u00eda Prada, Jaime Garz\u00f3n, Pablo Neruda Presb\u00edtero Daniel Jord\u00e1n, Rafael Uribe Uribe, Carlos Ram\u00edrez par\u00eds, El Rodeo, Padre Manuel Brice\u00f1o J\u00e1uregui y Padre Arturo Z\u00e1rate.<\/li>\n<\/ul>\n<p>Comuna 9<\/p>\n<ul>\n<li>Colegios Manuel Fern\u00e1ndez de Novoa, Nuestra Se\u00f1ora de Bel\u00e9n, Padre Rafael Garc\u00eda herreros, Julio P\u00e9rez Ferrero, San Fracisco de Sales, La Divina pastora, Minuto de Dios \u2013 Policarpa Salavarrieta y Alejandro calder\u00f3n.<\/li>\n<\/ul>\n<p>Comuna 10<\/p>\n<ul>\n<li>Colegios Jos\u00e9 Auilino Dur\u00e1n y Luis Carlos gal\u00e1n Sarmiento<\/li>\n<\/ul>\n<p>Rurales<\/p>\n<ul>\n<li>Agualasal, Carmen de Tonchal\u00e1, Camilo Torres, Fray Manuel \u00c1lvarez, Puerto Nuevo, Buena Esperanza, Jorge Gait\u00e1n Dur\u00e1n y Rafael Garc\u00eda Herreros<\/li>\n<\/ul>\n","protected":false},"excerpt":{"rendered":"<p>C\u00daCUTA.- A\u00fan hay cupos disponibles para estudiantes nuevos en 57 establecimientos educativos p\u00fablicos del municipio. El anuncio lo hizo la administraci\u00f3n municipal ante la proximidad del comienzo del calendario acad\u00e9mico (20 de enero). La Alcald\u00eda invit\u00f3 a las familias que no han inscrito a los hijos a aprovechar esta oportunidad. En C\u00facuta se han matriculado &hellip;<\/p>\n","protected":false},"author":1,"featured_media":43991,"comment_status":"open","ping_status":"open","sticky":false,"template":"","format":"standard","meta":{"footnotes":""},"categories":[4,36],"tags":[226,6850,6849,1089],"class_list":["post-43990","post","type-post","status-publish","format-standard","has-post-thumbnail","hentry","category-barra","category-la-voz-del-pueblo","tag-alcaldia-de-cucuta","tag-colegios-oficiales","tag-de-regreso-a-clases","tag-educacion-en-cucuta"],"_links":{"self":[{"href":"https:\/\/contraluzcucuta.co\/index.php?rest_route=\/wp\/v2\/posts\/43990","targetHints":{"allow":["GET"]}}],"collection":[{"href":"https:\/\/contraluzcucuta.co\/index.php?rest_route=\/wp\/v2\/posts"}],"about":[{"href":"https:\/\/contraluzcucuta.co\/index.php?rest_route=\/wp\/v2\/types\/post"}],"author":[{"embeddable":true,"href":"https:\/\/contraluzcucuta.co\/index.php?rest_route=\/wp\/v2\/users\/1"}],"replies":[{"embeddable":true,"href":"https:\/\/contraluzcucuta.co\/index.php?rest_route=%2Fwp%2Fv2%2Fcomments&post=43990"}],"version-history":[{"count":1,"href":"https:\/\/contraluzcucuta.co\/index.php?rest_route=\/wp\/v2\/posts\/43990\/revisions"}],"predecessor-version":[{"id":43993,"href":"https:\/\/contraluzcucuta.co\/index.php?rest_route=\/wp\/v2\/posts\/43990\/revisions\/43993"}],"wp:featuredmedia":[{"embeddable":true,"href":"https:\/\/contraluzcucuta.co\/index.php?rest_route=\/wp\/v2\/media\/43991"}],"wp:attachment":[{"href":"https:\/\/contraluzcucuta.co\/index.php?rest_route=%2Fwp%2Fv2%2Fmedia&parent=43990"}],"wp:term":[{"taxonomy":"category","embeddable":true,"href":"https:\/\/contraluzcucuta.co\/index.php?rest_route=%2Fwp%2Fv2%2Fcategories&post=43990"},{"taxonomy":"post_tag","embeddable":true,"href":"https:\/\/contraluzcucuta.co\/index.php?rest_route=%2Fwp%2Fv2%2Ftags&post=43990"}],"curies":[{"name":"wp","href":"https:\/\/api.w.org\/{rel}","templated":true}]}}