{"id":43986,"date":"2025-01-17T16:15:31","date_gmt":"2025-01-17T21:15:31","guid":{"rendered":"https:\/\/contraluzcucuta.co\/?p=43986"},"modified":"2025-01-17T16:15:31","modified_gmt":"2025-01-17T21:15:31","slug":"policia-militar-fortalecen-capacidades-de-la-fuerza-publica","status":"publish","type":"post","link":"https:\/\/contraluzcucuta.co\/?p=43986","title":{"rendered":"POLIC\u00cdA MILITAR. Fortalecen capacidades de la Fuerza P\u00fablica"},"content":{"rendered":"<p><a href=\"https:\/\/contraluzcucuta.co\/wp-content\/uploads\/2025\/01\/POLICIA-MILITAR-2.jpeg\"><img loading=\"lazy\" decoding=\"async\" class=\"alignnone  wp-image-43988 alignright\" src=\"https:\/\/contraluzcucuta.co\/wp-content\/uploads\/2025\/01\/POLICIA-MILITAR-2-300x201.jpeg\" alt=\"\" width=\"249\" height=\"167\" srcset=\"https:\/\/contraluzcucuta.co\/wp-content\/uploads\/2025\/01\/POLICIA-MILITAR-2-300x201.jpeg 300w, https:\/\/contraluzcucuta.co\/wp-content\/uploads\/2025\/01\/POLICIA-MILITAR-2-600x402.jpeg 600w, https:\/\/contraluzcucuta.co\/wp-content\/uploads\/2025\/01\/POLICIA-MILITAR-2-1024x686.jpeg 1024w, https:\/\/contraluzcucuta.co\/wp-content\/uploads\/2025\/01\/POLICIA-MILITAR-2-768x515.jpeg 768w, https:\/\/contraluzcucuta.co\/wp-content\/uploads\/2025\/01\/POLICIA-MILITAR-2-1536x1030.jpeg 1536w, https:\/\/contraluzcucuta.co\/wp-content\/uploads\/2025\/01\/POLICIA-MILITAR-2-2048x1373.jpeg 2048w, https:\/\/contraluzcucuta.co\/wp-content\/uploads\/2025\/01\/POLICIA-MILITAR-2-110x75.jpeg 110w\" sizes=\"auto, (max-width: 249px) 100vw, 249px\" \/><\/a><\/p>\n<p><strong><span style=\"color: #ff9900;\">C\u00daCUTA.- Los soldados que conformar\u00e1n la Polic\u00eda Militar que operar\u00e1 en C\u00facuta recibieron chalecos, tonfas y cascos, en cumplimiento del plan para fortalecer las capacidades de la Fuerza P\u00fablica. El alcalde Jorge Acevedo les pidi\u00f3 que asuman el reto de la seguridad con responsabilidad, para que junto con la Fiscal\u00eda y la Polic\u00eda entreguen resultados importantes.<\/span><\/strong><\/p>\n<p>Las inversiones est\u00e1n encaminadas a fortalecer la estrategia\u00a0\u2018C\u00facuta Territorio Seguro\u2019. Los militares pronto estar\u00e1n en las calles y apoyar\u00e1n a la Polic\u00eda Metropolitana para combatir la delincuencia. El fortalecimiento de las capacidades de las autoridades seguir\u00e1 d\u00e1ndose para lucha contra la criminalidad.<\/p>\n<p>\u201cNos comprometimos para que en C\u00facuta hubiera un batall\u00f3n de Polic\u00eda Militar y hoy entregamos el material de intendencia para darle inicio a ese batall\u00f3n en poco tiempo&#8221;, dijo el alcalde Acevedo.<\/p>\n<p>El teniente coronel Yesid Carre\u00f1o S\u00faa, comandante del batall\u00f3n de Polic\u00eda Militar, agradeci\u00f3 la entrega de la dotaci\u00f3n.<\/p>\n","protected":false},"excerpt":{"rendered":"<p>C\u00daCUTA.- Los soldados que conformar\u00e1n la Polic\u00eda Militar que operar\u00e1 en C\u00facuta recibieron chalecos, tonfas y cascos, en cumplimiento del plan para fortalecer las capacidades de la Fuerza P\u00fablica. El alcalde Jorge Acevedo les pidi\u00f3 que asuman el reto de la seguridad con responsabilidad, para que junto con la Fiscal\u00eda y la Polic\u00eda entreguen resultados &hellip;<\/p>\n","protected":false},"author":1,"featured_media":43987,"comment_status":"open","ping_status":"open","sticky":false,"template":"","format":"standard","meta":{"footnotes":""},"categories":[11,4],"tags":[5950,226,6238,6848],"class_list":["post-43986","post","type-post","status-publish","format-standard","has-post-thumbnail","hentry","category-cronica-roja","category-barra","tag-alcalde-jorge-acevedo","tag-alcaldia-de-cucuta","tag-cucuta-territorio-seguro","tag-policia-militar-de-cucuta"],"_links":{"self":[{"href":"https:\/\/contraluzcucuta.co\/index.php?rest_route=\/wp\/v2\/posts\/43986","targetHints":{"allow":["GET"]}}],"collection":[{"href":"https:\/\/contraluzcucuta.co\/index.php?rest_route=\/wp\/v2\/posts"}],"about":[{"href":"https:\/\/contraluzcucuta.co\/index.php?rest_route=\/wp\/v2\/types\/post"}],"author":[{"embeddable":true,"href":"https:\/\/contraluzcucuta.co\/index.php?rest_route=\/wp\/v2\/users\/1"}],"replies":[{"embeddable":true,"href":"https:\/\/contraluzcucuta.co\/index.php?rest_route=%2Fwp%2Fv2%2Fcomments&post=43986"}],"version-history":[{"count":1,"href":"https:\/\/contraluzcucuta.co\/index.php?rest_route=\/wp\/v2\/posts\/43986\/revisions"}],"predecessor-version":[{"id":43989,"href":"https:\/\/contraluzcucuta.co\/index.php?rest_route=\/wp\/v2\/posts\/43986\/revisions\/43989"}],"wp:featuredmedia":[{"embeddable":true,"href":"https:\/\/contraluzcucuta.co\/index.php?rest_route=\/wp\/v2\/media\/43987"}],"wp:attachment":[{"href":"https:\/\/contraluzcucuta.co\/index.php?rest_route=%2Fwp%2Fv2%2Fmedia&parent=43986"}],"wp:term":[{"taxonomy":"category","embeddable":true,"href":"https:\/\/contraluzcucuta.co\/index.php?rest_route=%2Fwp%2Fv2%2Fcategories&post=43986"},{"taxonomy":"post_tag","embeddable":true,"href":"https:\/\/contraluzcucuta.co\/index.php?rest_route=%2Fwp%2Fv2%2Ftags&post=43986"}],"curies":[{"name":"wp","href":"https:\/\/api.w.org\/{rel}","templated":true}]}}